{"id":1386,"date":"2018-11-21T23:19:03","date_gmt":"2018-11-22T01:19:03","guid":{"rendered":"https:\/\/www.iprade.com.br\/portal\/?p=1386"},"modified":"2018-11-28T17:16:18","modified_gmt":"2018-11-28T19:16:18","slug":"com-apoio-do-iprade-oab-pr-promove-seminario-de-gestao-publica","status":"publish","type":"post","link":"https:\/\/www.iprade.com.br\/portal\/com-apoio-do-iprade-oab-pr-promove-seminario-de-gestao-publica\/","title":{"rendered":"Com apoio do IPRADE, OAB-PR promove Semin\u00e1rio de Gest\u00e3o P\u00fablica"},"content":{"rendered":"<p>Com o apoio do Instituto Paranaense de Direito Eleitoral (IPRADE), a seccional paranaense da Ordem dos Advogados do Brasil (OAB-PR) promove, por meio de sua Comiss\u00e3o de Gest\u00e3o P\u00fablica, Transpar\u00eancia e Controle da Administra\u00e7\u00e3o P\u00fablica, o Semin\u00e1rio Regional sobre Gest\u00e3o P\u00fablica.<\/p>\n<p>O evento ocorrer\u00e1 em duas cidades da regi\u00e3o sudoeste do Paran\u00e1: em Francisco Beltr\u00e3o, no dia 27, e Pato Branco, no dia 28. O Presidente do IPRADE, advogado Orlando Mois\u00e9s Pessuti, ministrar\u00e1 a\u00a0palestra &#8220;A Lei de Improbidade e a Lei Anticorrup\u00e7\u00e3o: pontos de contato&#8221;, juntamente com o diretor do Instituto dos Advogados do Paran\u00e1 (IAP), advogado Francisco Zardo.<\/p>\n<p>Al\u00e9m dessa palestra, o evento abordar\u00e1 outros importantes temas, como &#8220;Pol\u00eamicas sobre as licita\u00e7\u00f5es p\u00fablic<span class=\"text_exposed_show\">as e contratos administrativos sob o enfoque do Projeto de Lei n\u00ba 6814\/17&#8243; e &#8220;Os portais de transpar\u00eancia e o acesso \u00e0 informa\u00e7\u00e3o: limites e possibilidades&#8221; (confira a programa\u00e7\u00e3o completa abaixo).<\/span><\/p>\n<p>O evento tamb\u00e9m conta com os apoios institucionais da\u00a0Associa\u00e7\u00e3o dos Munic\u00edpios do Paran\u00e1 (AMP), do\u00a0Instituto dos Advogados do Paran\u00e1 (IAP), do Instituto Paraense de Direito Administrativo (IPDA) e da Uni\u00e3o\u00a0dos Vereadores do Paran\u00e1 (UVEPAR).<\/p>\n<p>As inscri\u00e7\u00f5es para o evento dever\u00e3o ser feitas pelos links: <a href=\"http:\/\/intranet.oabpr.org.br\/servicos\/eventos\/evento.asp?id_evento=829\">Francisco Beltr\u00e3o<\/a> e <a href=\"http:\/\/intranet.oabpr.org.br\/servicos\/eventos\/evento.asp?id_evento=830\">Pato Branco<\/a>. O valor \u00e9 de 1kg de alimento (caf\u00e9, leite em p\u00f3, a\u00e7\u00facar ou bolachas), que ser\u00e1 revertido ao Hospital do C\u00e2ncer de Pato Branco.<\/p>\n<p>&nbsp;<\/p>\n<div class=\"text_exposed_show\">\n<p><img loading=\"lazy\" class=\"aligncenter wp-image-1388 \" src=\"https:\/\/www.iprade.com.br\/portal\/wp-content\/uploads\/2018\/11\/seminario_oab_completo.jpg\" alt=\"\" width=\"877\" height=\"1241\" srcset=\"https:\/\/www.iprade.com.br\/portal\/wp-content\/uploads\/2018\/11\/seminario_oab_completo.jpg 877w, https:\/\/www.iprade.com.br\/portal\/wp-content\/uploads\/2018\/11\/seminario_oab_completo-212x300.jpg 212w, https:\/\/www.iprade.com.br\/portal\/wp-content\/uploads\/2018\/11\/seminario_oab_completo-768x1087.jpg 768w, https:\/\/www.iprade.com.br\/portal\/wp-content\/uploads\/2018\/11\/seminario_oab_completo-724x1024.jpg 724w\" sizes=\"(max-width: 877px) 100vw, 877px\" \/><\/p>\n<\/div>\n","protected":false},"excerpt":{"rendered":"<p>Com o apoio do Instituto Paranaense de Direito Eleitoral (IPRADE), a seccional paranaense da Ordem dos Advogados do Brasil (OAB-PR) promove, por meio de sua Comiss\u00e3o de Gest\u00e3o P\u00fablica, Transpar\u00eancia e Controle da Administra\u00e7\u00e3o P\u00fablica, o Semin\u00e1rio Regional sobre Gest\u00e3o P\u00fablica. O evento ocorrer\u00e1 em duas cidades da regi\u00e3o sudoeste do Paran\u00e1: em Francisco Beltr\u00e3o, [&hellip;]<\/p>\n","protected":false},"author":2,"featured_media":1387,"comment_status":"open","ping_status":"open","sticky":false,"template":"","format":"standard","meta":{"_et_pb_use_builder":"","_et_pb_old_content":"","_et_gb_content_width":""},"categories":[2],"tags":[111,6,109,110],"_links":{"self":[{"href":"https:\/\/www.iprade.com.br\/portal\/wp-json\/wp\/v2\/posts\/1386"}],"collection":[{"href":"https:\/\/www.iprade.com.br\/portal\/wp-json\/wp\/v2\/posts"}],"about":[{"href":"https:\/\/www.iprade.com.br\/portal\/wp-json\/wp\/v2\/types\/post"}],"author":[{"embeddable":true,"href":"https:\/\/www.iprade.com.br\/portal\/wp-json\/wp\/v2\/users\/2"}],"replies":[{"embeddable":true,"href":"https:\/\/www.iprade.com.br\/portal\/wp-json\/wp\/v2\/comments?post=1386"}],"version-history":[{"count":4,"href":"https:\/\/www.iprade.com.br\/portal\/wp-json\/wp\/v2\/posts\/1386\/revisions"}],"predecessor-version":[{"id":1413,"href":"https:\/\/www.iprade.com.br\/portal\/wp-json\/wp\/v2\/posts\/1386\/revisions\/1413"}],"wp:featuredmedia":[{"embeddable":true,"href":"https:\/\/www.iprade.com.br\/portal\/wp-json\/wp\/v2\/media\/1387"}],"wp:attachment":[{"href":"https:\/\/www.iprade.com.br\/portal\/wp-json\/wp\/v2\/media?parent=1386"}],"wp:term":[{"taxonomy":"category","embeddable":true,"href":"https:\/\/www.iprade.com.br\/portal\/wp-json\/wp\/v2\/categories?post=1386"},{"taxonomy":"post_tag","embeddable":true,"href":"https:\/\/www.iprade.com.br\/portal\/wp-json\/wp\/v2\/tags?post=1386"}],"curies":[{"name":"wp","href":"https:\/\/api.w.org\/{rel}","templated":true}]}}