{"id":1514,"date":"2018-12-11T16:42:24","date_gmt":"2018-12-11T18:42:24","guid":{"rendered":"https:\/\/www.iprade.com.br\/portal\/?p=1514"},"modified":"2019-01-03T16:47:16","modified_gmt":"2019-01-03T18:47:16","slug":"tre-pr-tem-novo-corregedor","status":"publish","type":"post","link":"https:\/\/www.iprade.com.br\/portal\/tre-pr-tem-novo-corregedor\/","title":{"rendered":"TRE-PR tem novo corregedor"},"content":{"rendered":"<p><em>Tito Campos de Paula, eleito pelo Tribunal Pleno do TJ-PR, assume em 2019 os cargos de corregedor e vice-presidente do TRE-PR<\/em><\/p>\n<p>Fonte: <a href=\"http:\/\/www.tre-pr.jus.br\/imprensa\/noticias-tre-pr\/2018\/Dezembro\/tre-pr-tem-novo-corregedor\">TRE-PR<\/a><\/p>\n<p>O Tribunal Pleno do Tribunal de Justi\u00e7a do Paran\u00e1 (TJ-PR) elegeu, na tarde desta segunda-feira (10), o desembargador Tito Campos de Paula para atuar, a partir do ano de 2019, como corregedor e vice-presidente do Tribunal Regional Eleitoral do Paran\u00e1 (TRE-PR). Tito j\u00e1 atuava como desembargador substituto na Justi\u00e7a Eleitoral do Paran\u00e1.<\/p>\n<p>Tamb\u00e9m concorriam ao cargo de corregedor e vice-presidente do TRE-PR os desembargadores Vitor Roberto Silva, Paulo Roberto Vasconcelos, Fernando Ferreira de Moraes e Lenice Bodstein. No ano de 2019, assume a presid\u00eancia da Corte eleitoral o atual corregedor e vice-presidente, desembargador Gilberto Ferreira.<\/p>\n<p><b>Biografia<\/b><\/p>\n<p>Tito Campos de Paula, filho de Etelvino Alves de Paula e de Sebastiana de Campos Paula, nasceu em Ribeir\u00e3o do Pinhal (PR), no dia 8 de outubro de 1.964.<\/p>\n<p>Formou-se em Direito pela Universidade Federal do Paran\u00e1 em 1987. Em 1989, ingressou na carreira da magistratura do Paran\u00e1 e exerceu suas fun\u00e7\u00f5es nas seguintes comarcas: Medianeira, na se\u00e7\u00e3o judici\u00e1ria; Coronel Vivida; Ribeir\u00e3o Claro; Pitanga; Foz do Igua\u00e7u; e Curitiba. Em maio de 2004, foi removido para o cargo de juiz de direito substituto de 2\u00ba Grau, atuando principalmente junto \u00e0 4\u00aa C\u00e2mara Criminal do Tribunal de Justi\u00e7a do Paran\u00e1. No dia 15 de mar\u00e7o de 2013, tomou posse como desembargador do Tribunal de Justi\u00e7a.<\/p>\n<p><i>Com informa\u00e7\u00f5es da Associa\u00e7\u00e3o dos Magistrados do Paran\u00e1 (Amapar) e TJ-PR<\/i><\/p>\n","protected":false},"excerpt":{"rendered":"<p>Tito Campos de Paula, eleito pelo Tribunal Pleno do TJ-PR, assume em 2019 os cargos de corregedor e vice-presidente do TRE-PR Fonte: TRE-PR O Tribunal Pleno do Tribunal de Justi\u00e7a do Paran\u00e1 (TJ-PR) elegeu, na tarde desta segunda-feira (10), o desembargador Tito Campos de Paula para atuar, a partir do ano de 2019, como corregedor [&hellip;]<\/p>\n","protected":false},"author":2,"featured_media":1515,"comment_status":"open","ping_status":"open","sticky":false,"template":"","format":"standard","meta":{"_et_pb_use_builder":"","_et_pb_old_content":"","_et_gb_content_width":""},"categories":[2],"tags":[139,30,26],"_links":{"self":[{"href":"https:\/\/www.iprade.com.br\/portal\/wp-json\/wp\/v2\/posts\/1514"}],"collection":[{"href":"https:\/\/www.iprade.com.br\/portal\/wp-json\/wp\/v2\/posts"}],"about":[{"href":"https:\/\/www.iprade.com.br\/portal\/wp-json\/wp\/v2\/types\/post"}],"author":[{"embeddable":true,"href":"https:\/\/www.iprade.com.br\/portal\/wp-json\/wp\/v2\/users\/2"}],"replies":[{"embeddable":true,"href":"https:\/\/www.iprade.com.br\/portal\/wp-json\/wp\/v2\/comments?post=1514"}],"version-history":[{"count":1,"href":"https:\/\/www.iprade.com.br\/portal\/wp-json\/wp\/v2\/posts\/1514\/revisions"}],"predecessor-version":[{"id":1516,"href":"https:\/\/www.iprade.com.br\/portal\/wp-json\/wp\/v2\/posts\/1514\/revisions\/1516"}],"wp:featuredmedia":[{"embeddable":true,"href":"https:\/\/www.iprade.com.br\/portal\/wp-json\/wp\/v2\/media\/1515"}],"wp:attachment":[{"href":"https:\/\/www.iprade.com.br\/portal\/wp-json\/wp\/v2\/media?parent=1514"}],"wp:term":[{"taxonomy":"category","embeddable":true,"href":"https:\/\/www.iprade.com.br\/portal\/wp-json\/wp\/v2\/categories?post=1514"},{"taxonomy":"post_tag","embeddable":true,"href":"https:\/\/www.iprade.com.br\/portal\/wp-json\/wp\/v2\/tags?post=1514"}],"curies":[{"name":"wp","href":"https:\/\/api.w.org\/{rel}","templated":true}]}}