{"id":1708,"date":"2019-03-12T09:29:40","date_gmt":"2019-03-12T12:29:40","guid":{"rendered":"https:\/\/www.iprade.com.br\/portal\/?p=1708"},"modified":"2019-03-14T01:31:51","modified_gmt":"2019-03-14T04:31:51","slug":"tse-retoma-emissao-da-identidade-digital","status":"publish","type":"post","link":"https:\/\/www.iprade.com.br\/portal\/tse-retoma-emissao-da-identidade-digital\/","title":{"rendered":"TSE retoma emiss\u00e3o da Identidade Digital"},"content":{"rendered":"<p><em>Iniciativa busca identificar a popula\u00e7\u00e3o com base em dados biom\u00e9tricos<\/em><\/p>\n<p>Fonte: <a href=\"http:\/\/www.tse.jus.br\/imprensa\/noticias-tse\/2019\/Marco\/tse-retoma-emissao-da-identidade-digital\">TSE<\/a><\/p>\n<p>A presidente do Tribunal Superior Eleitoral (TSE), ministra Rosa Weber, determinou nesta segunda-feira (11) a retomada da emiss\u00e3o da Identidade Digital. A decis\u00e3o foi tomada em reuni\u00e3o nesta noite com os ministros da Economia, Paulo Guedes, e da Secretaria-Geral da Presid\u00eancia da Rep\u00fablica, Floriano Peixoto.<\/p>\n<p>Ficou definido que, nos pr\u00f3ximos dias, o TSE e o Poder Executivo detalhar\u00e3o as etapas do projeto, bem como o cronograma de repasses \u00e0 Justi\u00e7a Eleitoral dos recursos necess\u00e1rios.<\/p>\n<p>O projeto da Identidade Digital, tamb\u00e9m conhecido como Documento Nacional de Identidade (DNI), est\u00e1 previsto na\u00a0<a href=\"http:\/\/www.planalto.gov.br\/ccivil_03\/_ato2015-2018\/2017\/lei\/L13444.htm\">Lei n\u00ba 13.444\/2017<\/a>. A iniciativa busca identificar a popula\u00e7\u00e3o com base em dados biom\u00e9tricos (impress\u00f5es digitais e fotografia) e cadastrar todos os brasileiros em uma \u00fanica base mantida no TSE.<\/p>\n<p>A Identidade Digital representa um avan\u00e7o na medida em que a ado\u00e7\u00e3o de um documento \u00fanico nacional proporcionar\u00e1 maior facilidade e seguran\u00e7a na identifica\u00e7\u00e3o dos cidad\u00e3os, nas rela\u00e7\u00f5es tanto com o Poder P\u00fablico como com particulares.<\/p>\n","protected":false},"excerpt":{"rendered":"<p>Iniciativa busca identificar a popula\u00e7\u00e3o com base em dados biom\u00e9tricos Fonte: TSE A presidente do Tribunal Superior Eleitoral (TSE), ministra Rosa Weber, determinou nesta segunda-feira (11) a retomada da emiss\u00e3o da Identidade Digital. A decis\u00e3o foi tomada em reuni\u00e3o nesta noite com os ministros da Economia, Paulo Guedes, e da Secretaria-Geral da Presid\u00eancia da Rep\u00fablica, [&hellip;]<\/p>\n","protected":false},"author":2,"featured_media":1709,"comment_status":"open","ping_status":"open","sticky":false,"template":"","format":"standard","meta":{"_et_pb_use_builder":"","_et_pb_old_content":"","_et_gb_content_width":""},"categories":[2],"tags":[202,204,201,35],"_links":{"self":[{"href":"https:\/\/www.iprade.com.br\/portal\/wp-json\/wp\/v2\/posts\/1708"}],"collection":[{"href":"https:\/\/www.iprade.com.br\/portal\/wp-json\/wp\/v2\/posts"}],"about":[{"href":"https:\/\/www.iprade.com.br\/portal\/wp-json\/wp\/v2\/types\/post"}],"author":[{"embeddable":true,"href":"https:\/\/www.iprade.com.br\/portal\/wp-json\/wp\/v2\/users\/2"}],"replies":[{"embeddable":true,"href":"https:\/\/www.iprade.com.br\/portal\/wp-json\/wp\/v2\/comments?post=1708"}],"version-history":[{"count":1,"href":"https:\/\/www.iprade.com.br\/portal\/wp-json\/wp\/v2\/posts\/1708\/revisions"}],"predecessor-version":[{"id":1710,"href":"https:\/\/www.iprade.com.br\/portal\/wp-json\/wp\/v2\/posts\/1708\/revisions\/1710"}],"wp:featuredmedia":[{"embeddable":true,"href":"https:\/\/www.iprade.com.br\/portal\/wp-json\/wp\/v2\/media\/1709"}],"wp:attachment":[{"href":"https:\/\/www.iprade.com.br\/portal\/wp-json\/wp\/v2\/media?parent=1708"}],"wp:term":[{"taxonomy":"category","embeddable":true,"href":"https:\/\/www.iprade.com.br\/portal\/wp-json\/wp\/v2\/categories?post=1708"},{"taxonomy":"post_tag","embeddable":true,"href":"https:\/\/www.iprade.com.br\/portal\/wp-json\/wp\/v2\/tags?post=1708"}],"curies":[{"name":"wp","href":"https:\/\/api.w.org\/{rel}","templated":true}]}}