{"id":1981,"date":"2019-04-26T15:52:59","date_gmt":"2019-04-26T18:52:59","guid":{"rendered":"https:\/\/www.iprade.com.br\/portal\/?p=1981"},"modified":"2019-04-30T02:03:07","modified_gmt":"2019-04-30T05:03:07","slug":"seminario-internacional-fake-news-e-eleicoes-reune-especialistas-internacionais","status":"publish","type":"post","link":"https:\/\/www.iprade.com.br\/portal\/seminario-internacional-fake-news-e-eleicoes-reune-especialistas-internacionais\/","title":{"rendered":"Semin\u00e1rio Internacional Fake News e Elei\u00e7\u00f5es re\u00fane especialistas internacionais"},"content":{"rendered":"<p><em>As inscri\u00e7\u00f5es para o evento, que ocorrer\u00e1 nos dias 16 e 17 de maio, em Bras\u00edlia-DF, foram reabertas, com vagas limitadas<\/em><\/p>\n<p>Fonte: <a href=\"http:\/\/www.tse.jus.br\/imprensa\/noticias-tse\/2019\/Abril\/seminario-internacional-fake-news-e-eleicoes-reunira-especialistas-nacionais-e-internacionais-em-brasilia\">TSE<\/a><\/p>\n<p>O Tribunal Superior Eleitoral (TSE) reunir\u00e1 grandes especialistas nacionais e internacionais no Semin\u00e1rio Internacional Fake News e Elei\u00e7\u00f5es, marcado para os dias 16 e 17 de maio, na sede da Corte, em Bras\u00edlia. Todas as informa\u00e7\u00f5es est\u00e3o dispon\u00edveis no\u00a0<a class=\"external-link\" title=\"\" href=\"http:\/\/www.tse.jus.br\/hotsites\/seminario-internacional-fake-news-eleicoes\/\" target=\"_blank\" rel=\"noopener\">hotsite<\/a>\u00a0criado para a divulga\u00e7\u00e3o do evento. As inscri\u00e7\u00f5es tamb\u00e9m devem ser feitas na\u00a0<a class=\"external-link\" title=\"\" href=\"http:\/\/www.tse.jus.br\/hotsites\/seminario-internacional-fake-news-eleicoes\/\" target=\"_blank\" rel=\"noopener\">mesma p\u00e1gina<\/a>. No entanto, devido \u00e0 limita\u00e7\u00e3o de espa\u00e7o no Audit\u00f3rio I, onde ocorrer\u00e3o os debates, inscritos a partir de quinta-feira (25), ser\u00e3o direcionados, no dia do encontro, ao Audit\u00f3rio III, onde poder\u00e3o acompanhar a transmiss\u00e3o dos debates, ao vivo, por meio de um tel\u00e3o.<\/p>\n<p>O semin\u00e1rio ser\u00e1 aberto oficialmente na quinta-feira (16), \u00e0s 19h, pela presidente do TSE, ministra Rosa Weber. Tamb\u00e9m compor\u00e3o a mesa de abertura a chefe-adjunta da Delega\u00e7\u00e3o da Uni\u00e3o Europeia no Brasil, ministra Claudia Gintersdorfer, o ministro da Justi\u00e7a e Seguran\u00e7a P\u00fablica, S\u00e9rgio Moro, a procuradora-geral Eleitoral, Raquel Dodge, e o presidente do Conselho Federal da Ordem dos Advogados do Brasil (OAB), Felipe Santa Cruz.<\/p>\n<p>Em seguida, o secret\u00e1rio-geral da Federa\u00e7\u00e3o Europeia de Jornalismo (EFJ), Ricardo Guti\u00e9rrez, far\u00e1 a palestra magna que dar\u00e1 in\u00edcio ao semin\u00e1rio. O evento ainda reunir\u00e1 dirigentes do Facebook, Google, Twitter e WhatsApp; especialistas do Departamento Federal de Investiga\u00e7\u00e3o dos EUA (FBI), da Pol\u00edcia Federal e do Poder Judici\u00e1rio; al\u00e9m de representantes da imprensa, de universidades e de institutos de checagem nacionais e internacionais, entre outros convidados.<\/p>\n<p><strong>Programa\u00e7\u00e3o<\/strong><\/p>\n<p>O semin\u00e1rio \u00e9 uma realiza\u00e7\u00e3o do TSE com o apoio da Uni\u00e3o Europeia e tem o objetivo de debater as implica\u00e7\u00f5es da dissemina\u00e7\u00e3o de not\u00edcias falsas e seus efeitos no processo eleitoral e na sociedade. A ideia \u00e9 discutir formas de impedir ou minimizar a divulga\u00e7\u00e3o de fake news nas Elei\u00e7\u00f5es Municipais de 2020, levando em conta a experi\u00eancia adquirida durante o \u00faltimo pleito, em 2018.<\/p>\n<p>Todos os pain\u00e9is acontecer\u00e3o na sexta-feira (17), a partir das 9h. Cada palestrante ter\u00e1 15 minutos para expor suas ideias e compartilhar informa\u00e7\u00f5es, experi\u00eancias e conhecimentos.<\/p>\n<p>O primeiro painel abordar\u00e1 o tema \u201cLei eleitoral e os limites da propaganda\u201d. Mediadas pelo ex-ministro da Seguran\u00e7a P\u00fablica Raul Jungmann, as exposi\u00e7\u00f5es ser\u00e3o feitas pelos seguintes palestrantes: o ex-ministro do TSE e atual presidente do Instituto Brasileiro de Direito Eleitoral (Ibrade), Henrique Neves; o consultor de marketing digital Marcelo Vitorino; o coordenador do Grupo MackElei\u00e7\u00f5es e professor de Direito Eleitoral da FGVLaw e do Mackenzie, Diogo Rais; e o coordenador do Curso de Extens\u00e3o em Direito Eletr\u00f4nico da Escola da Magistratura do Estado do Rio de Janeiro, Walter Capanema.<\/p>\n<p>\u00c0s 10h30, o assessor especial da Presid\u00eancia do TSE Rog\u00e9rio Galloro, que tamb\u00e9m \u00e9 membro do Comit\u00ea Executivo da Interpol, coordenar\u00e1 o painel \u201cElei\u00e7\u00f5es e Fake News no Mundo\u201d, com a participa\u00e7\u00e3o do diretor executivo do IDEIA Big Data, Maur\u00edcio Moura; do diretor do Departamento de Coopera\u00e7\u00e3o e Observa\u00e7\u00e3o Eleitoral da Organiza\u00e7\u00e3o dos Estados Americanos (OEA), Gerardo de Icaza; do coordenador de Projetos \u2013 Democracia e Tecnologia \u2013 do ITS Rio, Marco Konopacki; e de um representante do FBI.<\/p>\n<p>Ap\u00f3s o intervalo para almo\u00e7o, a programa\u00e7\u00e3o ser\u00e1 retomada \u00e0s 13h30 com o painel \u201cLiberdade de Express\u00e3o versus Crime Contra a Honra\u201d, que ter\u00e1 media\u00e7\u00e3o do diretor da Escola Judici\u00e1ria Eleitoral (EJE\/TSE), Fl\u00e1vio Pansieri, e os seguintes palestrantes: a procuradora da Rep\u00fablica e coordenadora da \u00c1rea Criminal do Minist\u00e9rio P\u00fablico Federal (MPF), Raquel Branquinho; o delegado da Pol\u00edcia Federal Fl\u00favio Cardinelle Oliveira Garcia; o procurador do Estado do Rio de Janeiro, Gustavo Binenbojm; e a presidente do Instituto Palavra Aberta, Patr\u00edcia Blanco.<\/p>\n<p>Em seguida, \u00e0s 15h, participam do painel \u201cFerramentas de enfrentamento \u00e0s Fake News\u201d o diretor de Pol\u00edticas P\u00fablicas e Rela\u00e7\u00f5es Governamentais da Google Brasil, Marcelo Lacerda; o presidente da Associa\u00e7\u00e3o Brasileira de Jornalismo Investigativo (Abraji), Daniel Bramatti; o coordenador de Data Science e pesquisador da Funda\u00e7\u00e3o Get\u00falio Vargas, Danilo Carvalho Silva; o diretor de Estrat\u00e9gia e Neg\u00f3cios da Ag\u00eancia Lupa, Gilberto Scofield Jr; e o jornalista da organiza\u00e7\u00e3o independente Maldita.es, Andr\u00e9s Jim\u00e9nez. Os debates ser\u00e3o mediados pelo ex-ministro-chefe do Gabinete de Seguran\u00e7a Institucional da Presid\u00eancia da Rep\u00fablica S\u00e9rgio Etchegoyen.<\/p>\n<p>O \u00faltimo tema a ser debatido no semin\u00e1rio, \u201cM\u00eddias sociais no cen\u00e1rio eleitoral\u201d, ser\u00e1 mediado pelo vice-procurador-geral Eleitoral, Humberto Jacques, tendo como expositores o gerente de pol\u00edticas p\u00fablicas do WhatsApp, Ben Supple; a gerente de pol\u00edticas p\u00fablicas do Facebook no Brasil, M\u00f4nica Rosina; o gerente de pol\u00edticas p\u00fablicas do Twitter, Fernando Gallo; e a coordenadora do Projeto Credibilidade, \u00c2ngela Pimenta. O painel est\u00e1 previsto para as 17h30.<\/p>\n<p>As palavras de encerramento ficar\u00e3o a cargo do assessor especial da Presid\u00eancia do TSE Rog\u00e9rio Galloro, um dos respons\u00e1veis pela organiza\u00e7\u00e3o do evento.<\/p>\n<p><strong>Credenciamento da imprensa<\/strong><\/p>\n<p>O credenciamento dos profissionais de imprensa ser\u00e1 realizado entre os dias 22 de abril a 10 de maio. Ser\u00e3o aceitos apenas credenciamentos de profissionais de ve\u00edculos de comunica\u00e7\u00e3o que estejam devidamente registrados no Cadastro Nacional de Pessoa Jur\u00eddica (CNPJ).\u00a0<a class=\"external-link\" title=\"\" href=\"https:\/\/docs.google.com\/forms\/d\/e\/1FAIpQLSdYSzi7K0HOrVYWyEXYgQ0Ba-1bsQ-edoItLZtxkiynnzMbzQ\/viewform?usp=sf_link\" target=\"_blank\" rel=\"noopener\">Acesse o formul\u00e1rio de credenciamento<\/a>.<\/p>\n<p>O n\u00famero de vagas \u00e9 limitado; portanto, dever\u00e3o ser respeitados pelos solicitantes os seguintes quantitativos:<\/p>\n<p>&#8211; Duas credenciais por ve\u00edculo de m\u00eddia impressa;<br \/>\n&#8211; Duas credenciais por ve\u00edculo de m\u00eddia digital;<br \/>\n&#8211; Duas credenciais por emissora de r\u00e1dio;<br \/>\n&#8211; Tr\u00eas credenciais por emissora de televis\u00e3o.<\/p>\n<p>D\u00favidas sobre credenciamento de imprensa podem ser encaminhadas para o e-mail\u00a0<a class=\"external-link\" title=\"\" href=\"http:\/\/mailtoimprensa@tse.jus.br\/\" target=\"_blank\" rel=\"noopener\">imprensa@tse.jus.br<\/a>.<\/p>\n","protected":false},"excerpt":{"rendered":"<p>As inscri\u00e7\u00f5es para o evento, que ocorrer\u00e1 nos dias 16 e 17 de maio, em Bras\u00edlia-DF, foram reabertas, com vagas limitadas Fonte: TSE O Tribunal Superior Eleitoral (TSE) reunir\u00e1 grandes especialistas nacionais e internacionais no Semin\u00e1rio Internacional Fake News e Elei\u00e7\u00f5es, marcado para os dias 16 e 17 de maio, na sede da Corte, em [&hellip;]<\/p>\n","protected":false},"author":2,"featured_media":1982,"comment_status":"open","ping_status":"open","sticky":false,"template":"","format":"standard","meta":{"_et_pb_use_builder":"","_et_pb_old_content":"","_et_gb_content_width":""},"categories":[2],"tags":[19,314,42,315,110],"_links":{"self":[{"href":"https:\/\/www.iprade.com.br\/portal\/wp-json\/wp\/v2\/posts\/1981"}],"collection":[{"href":"https:\/\/www.iprade.com.br\/portal\/wp-json\/wp\/v2\/posts"}],"about":[{"href":"https:\/\/www.iprade.com.br\/portal\/wp-json\/wp\/v2\/types\/post"}],"author":[{"embeddable":true,"href":"https:\/\/www.iprade.com.br\/portal\/wp-json\/wp\/v2\/users\/2"}],"replies":[{"embeddable":true,"href":"https:\/\/www.iprade.com.br\/portal\/wp-json\/wp\/v2\/comments?post=1981"}],"version-history":[{"count":1,"href":"https:\/\/www.iprade.com.br\/portal\/wp-json\/wp\/v2\/posts\/1981\/revisions"}],"predecessor-version":[{"id":1983,"href":"https:\/\/www.iprade.com.br\/portal\/wp-json\/wp\/v2\/posts\/1981\/revisions\/1983"}],"wp:featuredmedia":[{"embeddable":true,"href":"https:\/\/www.iprade.com.br\/portal\/wp-json\/wp\/v2\/media\/1982"}],"wp:attachment":[{"href":"https:\/\/www.iprade.com.br\/portal\/wp-json\/wp\/v2\/media?parent=1981"}],"wp:term":[{"taxonomy":"category","embeddable":true,"href":"https:\/\/www.iprade.com.br\/portal\/wp-json\/wp\/v2\/categories?post=1981"},{"taxonomy":"post_tag","embeddable":true,"href":"https:\/\/www.iprade.com.br\/portal\/wp-json\/wp\/v2\/tags?post=1981"}],"curies":[{"name":"wp","href":"https:\/\/api.w.org\/{rel}","templated":true}]}}