{"id":1987,"date":"2019-04-25T18:06:20","date_gmt":"2019-04-25T21:06:20","guid":{"rendered":"https:\/\/www.iprade.com.br\/portal\/?p=1987"},"modified":"2019-04-30T02:11:55","modified_gmt":"2019-04-30T05:11:55","slug":"ministro-admar-gonzaga-e-homenageado-em-sua-ultima-sessao-no-tse","status":"publish","type":"post","link":"https:\/\/www.iprade.com.br\/portal\/ministro-admar-gonzaga-e-homenageado-em-sua-ultima-sessao-no-tse\/","title":{"rendered":"Ministro Admar Gonzaga \u00e9 homenageado em sua \u00faltima sess\u00e3o no TSE"},"content":{"rendered":"<p><em>Bi\u00eanio do magistrado como integrante efetivo do Tribunal termina no pr\u00f3ximo s\u00e1bado (27)<\/em><\/p>\n<p>Fonte: <a href=\"http:\/\/www.tse.jus.br\/imprensa\/noticias-tse\/2019\/Abril\/ministro-admar-gonzaga-e-homenageado-em-sua-ultima-sessao-no-tse\">TSE<\/a><\/p>\n<p>O ministro Admar Gonzaga participou nesta quinta-feira (25) de sua \u00faltima sess\u00e3o plen\u00e1ria de julgamentos como integrante efetivo do Tribunal Superior Eleitoral (TSE). Ao final da sess\u00e3o, o magistrado recebeu homenagens do Plen\u00e1rio pelo valoroso trabalho que prestou \u00e0 Corte Eleitoral como ministro da Casa desde 2013.<\/p>\n<p>Admar Gonzaga tomou posse como ministro efetivo do TSE na classe dos advogados em 27 de abril de 2017, para cumprir mandato de dois anos. Seu bi\u00eanio como magistrado titular da Corte termina no pr\u00f3ximo s\u00e1bado (27). Antes de ser efetivo, Admar Gonzaga foi substituto do Tribunal a partir de 25 de junho de 2013, tendo sido reconduzido uma vez a esse cargo.<\/p>\n<p>Ao agradecer a atua\u00e7\u00e3o do ministro no TSE, a presidente, ministra Rosa Weber, enalteceu a compet\u00eancia, a gentileza, a ampla experi\u00eancia, o preparo t\u00e9cnico e o comprometimento de Admar Gonzaga com a institui\u00e7\u00e3o, ressaltando a inequ\u00edvoca contribui\u00e7\u00e3o do ministro para o enriquecimento do debate na esfera eleitoral. \u201cReceba desta Casa os agradecimentos por sua atua\u00e7\u00e3o e as homenagens pelo dever cumprido com empenho e profici\u00eancia\u201d, afirmou. O ministro Marco Aur\u00e9lio Mello tamb\u00e9m agradeceu Admar Gonzaga pelos relevantes servi\u00e7os prestados \u00e0 Justi\u00e7a Eleitoral.<\/p>\n<p>Falando em nome dos integrantes da Corte, o ministro Tarcisio Vieira de Carvalho Neto afirmou que Admar Gonzaga se dedica de corpo e alma \u00e0 Justi\u00e7a Eleitoral e \u00e0 democracia brasileira. Para Tarcisio, o \u00eaxito profissional alcan\u00e7ado pelo ministro reflete os princ\u00edpios que sempre nortearam seu comportamento como cidad\u00e3o correto, aut\u00eantico, forte e coerente em suas convic\u00e7\u00f5es. \u201cGuarde a certeza de que ainda teremos muito a realizar juntos. Conserve sua for\u00e7a, sua intelig\u00eancia, e sua disposi\u00e7\u00e3o de sempre lutar sem tr\u00e9gua para a erradica\u00e7\u00e3o de injusti\u00e7as que podem e devem ser corrigidas pelo Direito e pela \u00e9tica\u201d, acrescentou.<\/p>\n<p>Em nome do Minist\u00e9rio P\u00fablico Eleitoral (MPE), o vice-procurador-geral Eleitoral, Humberto Jacques de Medeiros, ressaltou que Admar Gonzaga deixar\u00e1 saudades na Corte Eleitoral, mas que a sociedade ganhar\u00e1 com seu retorno \u00e0 atividade advocat\u00edcia. \u201cEncerra-se o tempo de um excelente ministro do Tribunal Superior Eleitoral, e se devolve \u00e0 sociedade um grande advogado\u201d, disse. Humberto Jacques agradeceu a devo\u00e7\u00e3o e determina\u00e7\u00e3o de Admar Gonzaga em favor da jurisdi\u00e7\u00e3o e da democracia no Brasil.<\/p>\n<p>Ao falar da tribuna em nome dos advogados, a ex-ministra do TSE Luciana L\u00f3ssio destacou que o ministro Admar Gonzaga j\u00e1 entrou para a hist\u00f3ria da Justi\u00e7a Eleitoral brasileira ao compartilhar todo o seu conhecimento de advogado conceituado e militante na \u00e1rea eleitoral. Luciana L\u00f3ssio agradeceu o tratamento sempre cordial, atencioso e gentil dispensado pelo ministro aos advogados que atuam na Corte e o condecorou com uma placa de reconhecimento pelo trabalho realizado em beneficio da Justi\u00e7a Eleitoral do pa\u00eds.<\/p>\n<p>Admar Gonzaga despediu-se da toga de ministro do Tribunal Superior Eleitoral agradecendo as homenagens prestadas pelo Colegiado e ressaltando se sentir honrado pela oportunidade de poder ter servido ao pa\u00eds ao lado dos ministros e servidores do TSE. Citando v\u00e1rios ministros do passado e do presente, ele afirmou que deixa a Corte Eleitoral com felicidade e com a certeza do dever cumprido: \u201cMeu sentimento n\u00e3o \u00e9 de despedida, mas do desfecho de uma honrosa miss\u00e3o, de um ciclo, de uma ben\u00e7\u00e3o que recebi de Deus\u201d.<\/p>\n<p><b>Perfil<\/b><\/p>\n<p>Natural do Rio de Janeiro (RJ), Admar Gonzaga Neto atua na especialidade eleitoral desde 1993. \u00c9 membro do Instituto Brasileiro de Direito Eleitoral (Ibrade) e autor de livros e manuais de Direito Eleitoral. O ministro tamb\u00e9m \u00e9 professor de cursos e palestrante de eventos de estudos sobre a mat\u00e9ria.<\/p>\n<p><b>Composi\u00e7\u00e3o<\/b><\/p>\n<p>O Tribunal Superior Eleitoral \u00e9 composto por, no m\u00ednimo, sete ministros titulares, sendo tr\u00eas ministros efetivos provenientes do Supremo Tribunal Federal (STF), dois do Superior Tribunal de Justi\u00e7a (STJ) e dois da classe dos advogados. Os provenientes da classe dos advogados s\u00e3o nomeados para a Corte Eleitoral pelo presidente da Rep\u00fablica a partir de listas tr\u00edplices encaminhadas pelo STF.<\/p>\n<p>&nbsp;<\/p>\n\n\t\t<style type=\"text\/css\">\n\t\t\t#gallery-1 {\n\t\t\t\tmargin: auto;\n\t\t\t}\n\t\t\t#gallery-1 .gallery-item {\n\t\t\t\tfloat: left;\n\t\t\t\tmargin-top: 10px;\n\t\t\t\ttext-align: center;\n\t\t\t\twidth: 33%;\n\t\t\t}\n\t\t\t#gallery-1 img {\n\t\t\t\tborder: 2px solid #cfcfcf;\n\t\t\t}\n\t\t\t#gallery-1 .gallery-caption {\n\t\t\t\tmargin-left: 0;\n\t\t\t}\n\t\t\t\/* see gallery_shortcode() in wp-includes\/media.php *\/\n\t\t<\/style>\n\t\t<div id='gallery-1' class='gallery galleryid-1987 gallery-columns-3 gallery-size-thumbnail'><dl class='gallery-item'>\n\t\t\t<dt class='gallery-icon landscape'>\n\t\t\t\t<a href='https:\/\/www.iprade.com.br\/portal\/ministro-admar-gonzaga-e-homenageado-em-sua-ultima-sessao-no-tse\/admar4\/'><img width=\"150\" height=\"150\" src=\"https:\/\/www.iprade.com.br\/portal\/wp-content\/uploads\/2019\/04\/admar4-150x150.jpg\" class=\"attachment-thumbnail size-thumbnail\" alt=\"\" loading=\"lazy\" aria-describedby=\"gallery-1-1991\" \/><\/a>\n\t\t\t<\/dt>\n\t\t\t\t<dd class='wp-caption-text gallery-caption' id='gallery-1-1991'>\n\t\t\t\tDespedida do ministro Admar Gonzaga\n\t\t\t\t<\/dd><\/dl><dl class='gallery-item'>\n\t\t\t<dt class='gallery-icon landscape'>\n\t\t\t\t<a href='https:\/\/www.iprade.com.br\/portal\/ministro-admar-gonzaga-e-homenageado-em-sua-ultima-sessao-no-tse\/admar3\/'><img width=\"150\" height=\"150\" src=\"https:\/\/www.iprade.com.br\/portal\/wp-content\/uploads\/2019\/04\/admar3-150x150.jpg\" class=\"attachment-thumbnail size-thumbnail\" alt=\"\" loading=\"lazy\" aria-describedby=\"gallery-1-1990\" \/><\/a>\n\t\t\t<\/dt>\n\t\t\t\t<dd class='wp-caption-text gallery-caption' id='gallery-1-1990'>\n\t\t\t\tDespedida do ministro Admar Gonzaga\n\t\t\t\t<\/dd><\/dl><dl class='gallery-item'>\n\t\t\t<dt class='gallery-icon landscape'>\n\t\t\t\t<a href='https:\/\/www.iprade.com.br\/portal\/ministro-admar-gonzaga-e-homenageado-em-sua-ultima-sessao-no-tse\/admar2\/'><img width=\"150\" height=\"150\" src=\"https:\/\/www.iprade.com.br\/portal\/wp-content\/uploads\/2019\/04\/admar2-150x150.jpg\" class=\"attachment-thumbnail size-thumbnail\" alt=\"\" loading=\"lazy\" aria-describedby=\"gallery-1-1989\" \/><\/a>\n\t\t\t<\/dt>\n\t\t\t\t<dd class='wp-caption-text gallery-caption' id='gallery-1-1989'>\n\t\t\t\tMinistro Admar Gonzaga e ministra Rosa Weber, em sess\u00e3o do TSE\n\t\t\t\t<\/dd><\/dl><br style=\"clear: both\" \/>\n\t\t<\/div>\n\n","protected":false},"excerpt":{"rendered":"<p>Bi\u00eanio do magistrado como integrante efetivo do Tribunal termina no pr\u00f3ximo s\u00e1bado (27) Fonte: TSE O ministro Admar Gonzaga participou nesta quinta-feira (25) de sua \u00faltima sess\u00e3o plen\u00e1ria de julgamentos como integrante efetivo do Tribunal Superior Eleitoral (TSE). Ao final da sess\u00e3o, o magistrado recebeu homenagens do Plen\u00e1rio pelo valoroso trabalho que prestou \u00e0 Corte [&hellip;]<\/p>\n","protected":false},"author":2,"featured_media":1988,"comment_status":"open","ping_status":"open","sticky":false,"template":"","format":"standard","meta":{"_et_pb_use_builder":"","_et_pb_old_content":"","_et_gb_content_width":""},"categories":[2],"tags":[123,311,317,10],"_links":{"self":[{"href":"https:\/\/www.iprade.com.br\/portal\/wp-json\/wp\/v2\/posts\/1987"}],"collection":[{"href":"https:\/\/www.iprade.com.br\/portal\/wp-json\/wp\/v2\/posts"}],"about":[{"href":"https:\/\/www.iprade.com.br\/portal\/wp-json\/wp\/v2\/types\/post"}],"author":[{"embeddable":true,"href":"https:\/\/www.iprade.com.br\/portal\/wp-json\/wp\/v2\/users\/2"}],"replies":[{"embeddable":true,"href":"https:\/\/www.iprade.com.br\/portal\/wp-json\/wp\/v2\/comments?post=1987"}],"version-history":[{"count":1,"href":"https:\/\/www.iprade.com.br\/portal\/wp-json\/wp\/v2\/posts\/1987\/revisions"}],"predecessor-version":[{"id":1992,"href":"https:\/\/www.iprade.com.br\/portal\/wp-json\/wp\/v2\/posts\/1987\/revisions\/1992"}],"wp:featuredmedia":[{"embeddable":true,"href":"https:\/\/www.iprade.com.br\/portal\/wp-json\/wp\/v2\/media\/1988"}],"wp:attachment":[{"href":"https:\/\/www.iprade.com.br\/portal\/wp-json\/wp\/v2\/media?parent=1987"}],"wp:term":[{"taxonomy":"category","embeddable":true,"href":"https:\/\/www.iprade.com.br\/portal\/wp-json\/wp\/v2\/categories?post=1987"},{"taxonomy":"post_tag","embeddable":true,"href":"https:\/\/www.iprade.com.br\/portal\/wp-json\/wp\/v2\/tags?post=1987"}],"curies":[{"name":"wp","href":"https:\/\/api.w.org\/{rel}","templated":true}]}}