{"id":2094,"date":"2019-05-15T17:18:00","date_gmt":"2019-05-15T20:18:00","guid":{"rendered":"https:\/\/www.iprade.com.br\/portal\/?p=2094"},"modified":"2019-05-16T00:54:56","modified_gmt":"2019-05-16T03:54:56","slug":"carol-cleve-e-eleita-presidente-do-iprade","status":"publish","type":"post","link":"https:\/\/www.iprade.com.br\/portal\/carol-cleve-e-eleita-presidente-do-iprade\/","title":{"rendered":"IPRADE elege nova Diretoria e Conselhos"},"content":{"rendered":"<p><em>Carol Cl\u00e8ve \u00e9 eleita a primeira presidente mulher do Instituto<\/em><\/p>\n<p>A advogada Carol Cl\u00e8ve foi eleita presidente do IPRADE \u2013 Instituto Paranaense de Direito Eleitoral para a gest\u00e3o 2019-2021, em Assembleia Geral realizada nesta quarta-feira (15). Desde sua funda\u00e7\u00e3o, em 2008, \u00e9 a primeira vez que o \u00f3rg\u00e3o ter\u00e1 \u00e0 frente uma mulher. Ela substitui o advogado Orlando Mois\u00e9s Fischer Pessuti, respons\u00e1vel pelo Instituto na gest\u00e3o 2017-2019.<\/p>\n<p>\u201cVou primar pela representatividade do IPRADE no \u00e2mbito nacional participando ativamente das audi\u00eancias p\u00fablicas perante o Tribunal Superior Eleitoral (TSE) e das discuss\u00f5es atinentes ao Direito Eleitoral junto ao Congresso Nacional\u201d, afirmou a nova presidente. \u201cA cria\u00e7\u00e3o da Diretoria de Rela\u00e7\u00f5es Institucionais nos permitir\u00e1 ter mais representatividade em Bras\u00edlia\u201d, completou.<\/p>\n<p>Ela tamb\u00e9m destaca a realiza\u00e7\u00e3o do 7\u00ba Congresso Paranaense de Direito Eleitoral, em 2020. \u201cO Congresso j\u00e1 est\u00e1 na agenda do eleitoralismo latino-americano e, sem d\u00favida, fazer que sua s\u00e9tima edi\u00e7\u00e3o tenha a mesma dimens\u00e3o do ano de 2016, com a qualidade e a inova\u00e7\u00e3o de 2018, \u00e9 uma das metas desta gest\u00e3o\u201d.<\/p>\n<p>\u201cComo as elei\u00e7\u00f5es municipais (2020) coincidir\u00e3o com o meu mandato, pretendo implementar diretorias regionais para atender as necessidades da advocacia local com a promo\u00e7\u00e3o de cursos e palestras voltados \u00e0 pr\u00e1tica do Direito Eleitoral, em parceria com a OAB, a Escola Judici\u00e1ria Eleitoral e Institui\u00e7\u00f5es de Ensino\u201d, afirmou.<\/p>\n<p>Mois\u00e9s Pessuti, ao passar o cargo, afirmou estar deixando o IPRADE com um grande legado de crescimento institucional. \u201cRealizamos mais de 20 eventos ao redor do Estado em parceria com as mais diversas entidades p\u00fablicas e privadas e fizemos o melhor Congresso de Direito Eleitoral do Pa\u00eds. Hoje o IPRADE \u00e9 conhecido n\u00e3o s\u00f3 perante a classe eleitoralista ou perante a Justi\u00e7a Eleitoral, temos reconhecimento nacional perante toda sociedade civil\u201d, apontou.<\/p>\n<p>O agora ex-presidente desejou \u00eaxito na gest\u00e3o do bi\u00eanio 2019\/2021 e ressaltou a nomea\u00e7\u00e3o da primeira mulher \u00e0 frente do Instituto. \u201cFico muito feliz de passar o bast\u00e3o para a primeira mulher presidente do IPRADE. \u00c9 um marco na hist\u00f3ria do nosso instituto. Carol Cl\u00e9ve conseguiu agregar na sua chapa valorosos colegas e tenho certeza que, com a capacidade de trabalho e o conhecimento acad\u00eamico e intelectual de todos, o IPRADE est\u00e1 em excelentes m\u00e3os e poder\u00e1 continuar nessa trilha de \u00eaxitos\u201d, disse.<\/p>\n<p><strong>Curr\u00edculo<\/strong><\/p>\n<p>Carol Cl\u00e8ve tem 30 anos, \u00e9 mestre em Ci\u00eancia Pol\u00edtica pela Universidade Federal do Paran\u00e1 (UFPR) e especialista em Direito Administrativo pelo Instituto de Direito Romeu Felipe Bacellar. Possui curso de extens\u00e3o em Fundamentos Cr\u00edticos de Direitos Humanos pela Universidad Pablo de Olavide (UPO), Espanha. \u00c9 professora de Direito Constitucional e Eleitoral do Centro Universit\u00e1rio Aut\u00f4nomo do Brasil \u2013 UniBrasil. \u00c9 membro fundadora da Academia Brasileira de Direito Eleitoral e Pol\u00edtico (Abradep) e membro do Instituto Brasileiro de Direito Eleitoral &#8211; IBRADE e da Comiss\u00e3o de Direito Eleitoral da OAB\/PR. S\u00f3cia do escrit\u00f3rio Cl\u00e8merson Merlin Cl\u00e8ve Advogados Associados.<\/p>\n<p>Veja mais fotos da Assembleia Geral realizada nesta quarta-feira:<\/p>\n\n\t\t<style type=\"text\/css\">\n\t\t\t#gallery-1 {\n\t\t\t\tmargin: auto;\n\t\t\t}\n\t\t\t#gallery-1 .gallery-item {\n\t\t\t\tfloat: left;\n\t\t\t\tmargin-top: 10px;\n\t\t\t\ttext-align: center;\n\t\t\t\twidth: 25%;\n\t\t\t}\n\t\t\t#gallery-1 img {\n\t\t\t\tborder: 2px solid #cfcfcf;\n\t\t\t}\n\t\t\t#gallery-1 .gallery-caption {\n\t\t\t\tmargin-left: 0;\n\t\t\t}\n\t\t\t\/* see gallery_shortcode() in wp-includes\/media.php *\/\n\t\t<\/style>\n\t\t<div id='gallery-1' class='gallery galleryid-2094 gallery-columns-4 gallery-size-thumbnail'><dl class='gallery-item'>\n\t\t\t<dt class='gallery-icon portrait'>\n\t\t\t\t<a href='https:\/\/www.iprade.com.br\/portal\/carol-cleve-e-eleita-presidente-do-iprade\/whatsapp-image-2019-05-15-at-15-03-09\/'><img width=\"150\" height=\"150\" src=\"https:\/\/www.iprade.com.br\/portal\/wp-content\/uploads\/2019\/05\/WhatsApp-Image-2019-05-15-at-15.03.09-150x150.jpeg\" class=\"attachment-thumbnail size-thumbnail\" alt=\"\" loading=\"lazy\" aria-describedby=\"gallery-1-2096\" \/><\/a>\n\t\t\t<\/dt>\n\t\t\t\t<dd class='wp-caption-text gallery-caption' id='gallery-1-2096'>\n\t\t\t\tCarol Cl\u00e8ve ser\u00e1 a nova presidente do IPRADE no bi\u00eanio 2019-2021\n\t\t\t\t<\/dd><\/dl><dl class='gallery-item'>\n\t\t\t<dt class='gallery-icon landscape'>\n\t\t\t\t<a href='https:\/\/www.iprade.com.br\/portal\/carol-cleve-e-eleita-presidente-do-iprade\/whatsapp-image-2019-05-15-at-15-12-54\/'><img width=\"150\" height=\"150\" src=\"https:\/\/www.iprade.com.br\/portal\/wp-content\/uploads\/2019\/05\/WhatsApp-Image-2019-05-15-at-15.12.54-150x150.jpeg\" class=\"attachment-thumbnail size-thumbnail\" alt=\"\" loading=\"lazy\" aria-describedby=\"gallery-1-2097\" \/><\/a>\n\t\t\t<\/dt>\n\t\t\t\t<dd class='wp-caption-text gallery-caption' id='gallery-1-2097'>\n\t\t\t\tMembros do IPRADE em Assembleia Geral nesta quarta-feira\n\t\t\t\t<\/dd><\/dl><dl class='gallery-item'>\n\t\t\t<dt class='gallery-icon landscape'>\n\t\t\t\t<a href='https:\/\/www.iprade.com.br\/portal\/carol-cleve-e-eleita-presidente-do-iprade\/whatsapp-image-2019-05-15-at-15-32-43-1\/'><img width=\"150\" height=\"150\" src=\"https:\/\/www.iprade.com.br\/portal\/wp-content\/uploads\/2019\/05\/WhatsApp-Image-2019-05-15-at-15.32.43-1-150x150.jpeg\" class=\"attachment-thumbnail size-thumbnail\" alt=\"\" loading=\"lazy\" aria-describedby=\"gallery-1-2098\" \/><\/a>\n\t\t\t<\/dt>\n\t\t\t\t<dd class='wp-caption-text gallery-caption' id='gallery-1-2098'>\n\t\t\t\tMembros do IPRADE em Assembleia Geral nesta quarta-feira\n\t\t\t\t<\/dd><\/dl><dl class='gallery-item'>\n\t\t\t<dt class='gallery-icon landscape'>\n\t\t\t\t<a href='https:\/\/www.iprade.com.br\/portal\/carol-cleve-e-eleita-presidente-do-iprade\/whatsapp-image-2019-05-15-at-15-32-43\/'><img width=\"150\" height=\"150\" src=\"https:\/\/www.iprade.com.br\/portal\/wp-content\/uploads\/2019\/05\/WhatsApp-Image-2019-05-15-at-15.32.43-150x150.jpeg\" class=\"attachment-thumbnail size-thumbnail\" alt=\"\" loading=\"lazy\" aria-describedby=\"gallery-1-2099\" \/><\/a>\n\t\t\t<\/dt>\n\t\t\t\t<dd class='wp-caption-text gallery-caption' id='gallery-1-2099'>\n\t\t\t\tMembros do IPRADE em Assembleia Geral nesta quarta-feira\n\t\t\t\t<\/dd><\/dl><br style=\"clear: both\" \/>\n\t\t<\/div>\n\n","protected":false},"excerpt":{"rendered":"<p>Carol Cl\u00e8ve \u00e9 eleita a primeira presidente mulher do Instituto A advogada Carol Cl\u00e8ve foi eleita presidente do IPRADE \u2013 Instituto Paranaense de Direito Eleitoral para a gest\u00e3o 2019-2021, em Assembleia Geral realizada nesta quarta-feira (15). Desde sua funda\u00e7\u00e3o, em 2008, \u00e9 a primeira vez que o \u00f3rg\u00e3o ter\u00e1 \u00e0 frente uma mulher. Ela substitui [&hellip;]<\/p>\n","protected":false},"author":2,"featured_media":2105,"comment_status":"open","ping_status":"open","sticky":false,"template":"","format":"standard","meta":{"_et_pb_use_builder":"","_et_pb_old_content":"","_et_gb_content_width":""},"categories":[2],"tags":[31,30,260,6],"_links":{"self":[{"href":"https:\/\/www.iprade.com.br\/portal\/wp-json\/wp\/v2\/posts\/2094"}],"collection":[{"href":"https:\/\/www.iprade.com.br\/portal\/wp-json\/wp\/v2\/posts"}],"about":[{"href":"https:\/\/www.iprade.com.br\/portal\/wp-json\/wp\/v2\/types\/post"}],"author":[{"embeddable":true,"href":"https:\/\/www.iprade.com.br\/portal\/wp-json\/wp\/v2\/users\/2"}],"replies":[{"embeddable":true,"href":"https:\/\/www.iprade.com.br\/portal\/wp-json\/wp\/v2\/comments?post=2094"}],"version-history":[{"count":3,"href":"https:\/\/www.iprade.com.br\/portal\/wp-json\/wp\/v2\/posts\/2094\/revisions"}],"predecessor-version":[{"id":2103,"href":"https:\/\/www.iprade.com.br\/portal\/wp-json\/wp\/v2\/posts\/2094\/revisions\/2103"}],"wp:featuredmedia":[{"embeddable":true,"href":"https:\/\/www.iprade.com.br\/portal\/wp-json\/wp\/v2\/media\/2105"}],"wp:attachment":[{"href":"https:\/\/www.iprade.com.br\/portal\/wp-json\/wp\/v2\/media?parent=2094"}],"wp:term":[{"taxonomy":"category","embeddable":true,"href":"https:\/\/www.iprade.com.br\/portal\/wp-json\/wp\/v2\/categories?post=2094"},{"taxonomy":"post_tag","embeddable":true,"href":"https:\/\/www.iprade.com.br\/portal\/wp-json\/wp\/v2\/tags?post=2094"}],"curies":[{"name":"wp","href":"https:\/\/api.w.org\/{rel}","templated":true}]}}