{"id":2186,"date":"2019-05-16T19:30:23","date_gmt":"2019-05-16T22:30:23","guid":{"rendered":"https:\/\/www.iprade.com.br\/portal\/?p=2186"},"modified":"2019-05-22T02:32:22","modified_gmt":"2019-05-22T05:32:22","slug":"sessao-marca-despedida-de-dois-membros-do-tre-pr","status":"publish","type":"post","link":"https:\/\/www.iprade.com.br\/portal\/sessao-marca-despedida-de-dois-membros-do-tre-pr\/","title":{"rendered":"Sess\u00e3o marca despedida de dois membros do TRE-PR"},"content":{"rendered":"<p><em>Dr. Pedro Lu\u00eds Sanson Corat e Dr. Paulo Afonso da Motta Ribeiro encerram neste m\u00eas seus mandatos na Corte<\/em><\/p>\n<p>Fonte: <a href=\"http:\/\/www.tre-pr.jus.br\/imprensa\/noticias-tre-pr\/2019\/Maio\/sessao-marca-despedida-de-dois-membros-do-tre-pr\">TRE-PR<\/a><\/p>\n<p style=\"font-weight: 400;\">A sess\u00e3o desta quinta-feira (16) do Tribunal Regional Eleitoral do Paran\u00e1 (TRE-PR) marcou a despedida dos membros efetivos da Corte Dr. Pedro Lu\u00eds Sanson Corat, da classe juiz de direito efetivo, e Dr. Paulo Afonso da Motta Ribeiro, da classe advogado efetivo.<\/p>\n<p style=\"font-weight: 400;\">\u201cOs senhores podem dizer que cumpriram seu dever honradamente\u201d, afirmou, na ocasi\u00e3o, o presidente do TRE-PR, desembargador Gilberto Ferreira. Em suas falas, os magistrados que se despediram fizeram agradecimentos especiais aos colegas da Corte, assessores e servidores da casa.<\/p>\n<p style=\"font-weight: 400;\">O Dr. Rogerio de Assis, juiz de direito da 21\u00aa Vara C\u00edvel de Curitiba, toma posse no dia 03 de junho na vaga deixada pelo Dr. Pedro. A vaga do Dr. Paulo ser\u00e1 ocupada pelo advogado que for selecionado pelo presidente da Rep\u00fablica a partir da lista tr\u00edplice enviada pelo TRE-PR.<\/p>\n<p style=\"font-weight: 400;\"><b><strong>Biografias<\/strong><\/b><\/p>\n<p style=\"font-weight: 400;\">Dr. Pedro Lu\u00eds Sanson Corat ingressou na magistratura em 95 e desde ent\u00e3o atuou nas comarcas de Umuarama, Santa Helena e Cascavel antes de ser promovido para Curitiba, onde atualmente \u00e9 juiz de direito da 4\u00aa Vara Criminal. Na Justi\u00e7a Comum, \u00e9 reconhecido pela atua\u00e7\u00e3o no combate ao crime organizado, \u00e0 lavagem de dinheiro e ao tr\u00e1fico de drogas. Na Justi\u00e7a Eleitoral, atuou como ouvidor e relator de importantes a\u00e7\u00f5es, em especial no per\u00edodo eleitoral em 2018.<\/p>\n<p style=\"font-weight: 400;\">Dr. Paulo Afonso da Motta Ribeiro formou-se em Direito pela Faculdade de Direito de Curitiba em 1982. Foi professor auxiliar na mesma faculdade de 1982 a 1983 e advogado do Banco do Estado do Paran\u00e1 de 1984 a 1996. Membro do Tribunal de \u00c9tica e Disciplina da OAB\/PR desde 2004, \u00e9 professor de cursos de capacita\u00e7\u00e3o e treinamento na \u00e1rea de auditoria jur\u00eddica de contratos e\u00a0<em>compliance.\u00a0<\/em>No TRE-PR, atuou na classe jurista nos mandatos 2016-2017 e 2018-2019.<\/p>\n","protected":false},"excerpt":{"rendered":"<p>Dr. Pedro Lu\u00eds Sanson Corat e Dr. Paulo Afonso da Motta Ribeiro encerram neste m\u00eas seus mandatos na Corte Fonte: TRE-PR A sess\u00e3o desta quinta-feira (16) do Tribunal Regional Eleitoral do Paran\u00e1 (TRE-PR) marcou a despedida dos membros efetivos da Corte Dr. Pedro Lu\u00eds Sanson Corat, da classe juiz de direito efetivo, e Dr. Paulo [&hellip;]<\/p>\n","protected":false},"author":2,"featured_media":2187,"comment_status":"open","ping_status":"open","sticky":false,"template":"","format":"standard","meta":{"_et_pb_use_builder":"","_et_pb_old_content":"","_et_gb_content_width":""},"categories":[2],"tags":[254,376,9],"_links":{"self":[{"href":"https:\/\/www.iprade.com.br\/portal\/wp-json\/wp\/v2\/posts\/2186"}],"collection":[{"href":"https:\/\/www.iprade.com.br\/portal\/wp-json\/wp\/v2\/posts"}],"about":[{"href":"https:\/\/www.iprade.com.br\/portal\/wp-json\/wp\/v2\/types\/post"}],"author":[{"embeddable":true,"href":"https:\/\/www.iprade.com.br\/portal\/wp-json\/wp\/v2\/users\/2"}],"replies":[{"embeddable":true,"href":"https:\/\/www.iprade.com.br\/portal\/wp-json\/wp\/v2\/comments?post=2186"}],"version-history":[{"count":1,"href":"https:\/\/www.iprade.com.br\/portal\/wp-json\/wp\/v2\/posts\/2186\/revisions"}],"predecessor-version":[{"id":2188,"href":"https:\/\/www.iprade.com.br\/portal\/wp-json\/wp\/v2\/posts\/2186\/revisions\/2188"}],"wp:featuredmedia":[{"embeddable":true,"href":"https:\/\/www.iprade.com.br\/portal\/wp-json\/wp\/v2\/media\/2187"}],"wp:attachment":[{"href":"https:\/\/www.iprade.com.br\/portal\/wp-json\/wp\/v2\/media?parent=2186"}],"wp:term":[{"taxonomy":"category","embeddable":true,"href":"https:\/\/www.iprade.com.br\/portal\/wp-json\/wp\/v2\/categories?post=2186"},{"taxonomy":"post_tag","embeddable":true,"href":"https:\/\/www.iprade.com.br\/portal\/wp-json\/wp\/v2\/tags?post=2186"}],"curies":[{"name":"wp","href":"https:\/\/api.w.org\/{rel}","templated":true}]}}