{"id":2665,"date":"2020-06-23T13:09:57","date_gmt":"2020-06-23T16:09:57","guid":{"rendered":"https:\/\/www.iprade.com.br\/portal\/?p=2665"},"modified":"2020-06-23T13:16:17","modified_gmt":"2020-06-23T16:16:17","slug":"presidente-do-iprade-assina-artigo-no-conjur","status":"publish","type":"post","link":"https:\/\/www.iprade.com.br\/portal\/presidente-do-iprade-assina-artigo-no-conjur\/","title":{"rendered":"Presidente do Iprade assina artigo no Conjur"},"content":{"rendered":"<p>A presidente do Instituto Paranaense de Direito Eleitoral, Ana Carolina de Camargo Cl\u00e8ve, assina o artigo &#8220;A pandemia e o equ\u00edvoco da unifica\u00e7\u00e3o eleitoral&#8221;, publicado no portal Consultor Jur\u00eddico (Conjur). No texto, ela fala do adiamento da data das Elei\u00e7\u00f5es 2020 e \u00e9 cr\u00edtica \u00e0 poss\u00edvel unifica\u00e7\u00e3o dos pleitos municipais e nacional. Confira na \u00edntegra <a href=\"http:\/\/conjur.com.br\/2020-jun-22\/ana-carolina-cleve-pandemia-equivoco-unificacao-eleitoral\">aqui<\/a>.<\/p>\n","protected":false},"excerpt":{"rendered":"<p>A presidente do Instituto Paranaense de Direito Eleitoral, Ana Carolina de Camargo Cl\u00e8ve, assina o artigo &#8220;A pandemia e o equ\u00edvoco da unifica\u00e7\u00e3o eleitoral&#8221;, publicado no portal Consultor Jur\u00eddico (Conjur). No texto, ela fala do adiamento da data das Elei\u00e7\u00f5es 2020 e \u00e9 cr\u00edtica \u00e0 poss\u00edvel unifica\u00e7\u00e3o dos pleitos municipais e nacional. Confira na \u00edntegra [&hellip;]<\/p>\n","protected":false},"author":2,"featured_media":2650,"comment_status":"open","ping_status":"open","sticky":false,"template":"","format":"standard","meta":{"_et_pb_use_builder":"","_et_pb_old_content":"","_et_gb_content_width":""},"categories":[2],"tags":[],"_links":{"self":[{"href":"https:\/\/www.iprade.com.br\/portal\/wp-json\/wp\/v2\/posts\/2665"}],"collection":[{"href":"https:\/\/www.iprade.com.br\/portal\/wp-json\/wp\/v2\/posts"}],"about":[{"href":"https:\/\/www.iprade.com.br\/portal\/wp-json\/wp\/v2\/types\/post"}],"author":[{"embeddable":true,"href":"https:\/\/www.iprade.com.br\/portal\/wp-json\/wp\/v2\/users\/2"}],"replies":[{"embeddable":true,"href":"https:\/\/www.iprade.com.br\/portal\/wp-json\/wp\/v2\/comments?post=2665"}],"version-history":[{"count":2,"href":"https:\/\/www.iprade.com.br\/portal\/wp-json\/wp\/v2\/posts\/2665\/revisions"}],"predecessor-version":[{"id":2667,"href":"https:\/\/www.iprade.com.br\/portal\/wp-json\/wp\/v2\/posts\/2665\/revisions\/2667"}],"wp:featuredmedia":[{"embeddable":true,"href":"https:\/\/www.iprade.com.br\/portal\/wp-json\/wp\/v2\/media\/2650"}],"wp:attachment":[{"href":"https:\/\/www.iprade.com.br\/portal\/wp-json\/wp\/v2\/media?parent=2665"}],"wp:term":[{"taxonomy":"category","embeddable":true,"href":"https:\/\/www.iprade.com.br\/portal\/wp-json\/wp\/v2\/categories?post=2665"},{"taxonomy":"post_tag","embeddable":true,"href":"https:\/\/www.iprade.com.br\/portal\/wp-json\/wp\/v2\/tags?post=2665"}],"curies":[{"name":"wp","href":"https:\/\/api.w.org\/{rel}","templated":true}]}}