{"id":3256,"date":"2021-06-25T10:37:32","date_gmt":"2021-06-25T13:37:32","guid":{"rendered":"https:\/\/www.iprade.com.br\/portal\/?p=3256"},"modified":"2021-06-25T10:37:32","modified_gmt":"2021-06-25T13:37:32","slug":"presidente-do-iprade-fala-sobre-reforma-eleitoral-em-entrevista-a-cbn-curitiba","status":"publish","type":"post","link":"https:\/\/www.iprade.com.br\/portal\/presidente-do-iprade-fala-sobre-reforma-eleitoral-em-entrevista-a-cbn-curitiba\/","title":{"rendered":"Presidente do Iprade fala sobre reforma eleitoral em entrevista \u00e0 CBN Curitiba"},"content":{"rendered":"<p>A presidente do Instituto Paranaense de Direito Eleitoral, Ana Carolina de Camargo Cl\u00e8ve, falou sobre aspectos da reforma eleitoral na entrevista concedida \u00e0 r\u00e1dio CBN Curitiba na manh\u00e3 desta quinta-feira (10\/6). As reformas est\u00e3o em debate no Congresso Nacional.<\/p>\n<p>Ana Carolina comentou que s\u00e3o usuais mudan\u00e7as no ano que precede a elei\u00e7\u00e3o, ressaltando que algumas representam avan\u00e7o \u00e0 democracia, como o estabelecimento da paridade de g\u00eaneros. Em outros casos, pontuou, as novidades podem representar retrocessos, como na proposta de implanta\u00e7\u00e3o do voto impresso.<\/p>\n<p>Ou\u00e7a a entrevista na \u00edntegra:<\/p>\n<p><iframe loading=\"lazy\" src=\"https:\/\/w.soundcloud.com\/player\/?url=https%3A\/\/api.soundcloud.com\/tracks\/1065782566&amp;color=%23ff5500&amp;auto_play=false&amp;hide_related=false&amp;show_comments=true&amp;show_user=true&amp;show_reposts=false&amp;show_teaser=true&amp;visual=true\" width=\"100%\" height=\"300\" frameborder=\"no\" scrolling=\"no\"><\/iframe><\/p>\n<div style=\"font-size: 10px; color: #cccccc; line-break: anywhere; word-break: normal; overflow: hidden; white-space: nowrap; text-overflow: ellipsis; font-family: Interstate,Lucida Grande,Lucida Sans Unicode,Lucida Sans,Garuda,Verdana,Tahoma,sans-serif; font-weight: 100;\"><a style=\"color: #cccccc; text-decoration: none;\" title=\"CBN CURITIBA\" href=\"https:\/\/soundcloud.com\/cbncuritiba\" target=\"_blank\" rel=\"noopener\">CBN CURITIBA<\/a> \u00b7 <a style=\"color: #cccccc; text-decoration: none;\" title=\"10.06 - Ana Carolina Cl\u00e8ve\" href=\"https:\/\/soundcloud.com\/cbncuritiba\/1006-ana-carolina-cleve\" target=\"_blank\" rel=\"noopener\">10.06 &#8211; Ana Carolina Cl\u00e8ve<\/a><\/div>\n","protected":false},"excerpt":{"rendered":"<p>A presidente do Instituto Paranaense de Direito Eleitoral, Ana Carolina de Camargo Cl\u00e8ve, falou sobre aspectos da reforma eleitoral na entrevista concedida \u00e0 r\u00e1dio CBN Curitiba na manh\u00e3 desta quinta-feira (10\/6). As reformas est\u00e3o em debate no Congresso Nacional. Ana Carolina comentou que s\u00e3o usuais mudan\u00e7as no ano que precede a elei\u00e7\u00e3o, ressaltando que algumas [&hellip;]<\/p>\n","protected":false},"author":2,"featured_media":3260,"comment_status":"open","ping_status":"open","sticky":false,"template":"","format":"standard","meta":{"_et_pb_use_builder":"","_et_pb_old_content":"","_et_gb_content_width":""},"categories":[2],"tags":[],"_links":{"self":[{"href":"https:\/\/www.iprade.com.br\/portal\/wp-json\/wp\/v2\/posts\/3256"}],"collection":[{"href":"https:\/\/www.iprade.com.br\/portal\/wp-json\/wp\/v2\/posts"}],"about":[{"href":"https:\/\/www.iprade.com.br\/portal\/wp-json\/wp\/v2\/types\/post"}],"author":[{"embeddable":true,"href":"https:\/\/www.iprade.com.br\/portal\/wp-json\/wp\/v2\/users\/2"}],"replies":[{"embeddable":true,"href":"https:\/\/www.iprade.com.br\/portal\/wp-json\/wp\/v2\/comments?post=3256"}],"version-history":[{"count":1,"href":"https:\/\/www.iprade.com.br\/portal\/wp-json\/wp\/v2\/posts\/3256\/revisions"}],"predecessor-version":[{"id":3258,"href":"https:\/\/www.iprade.com.br\/portal\/wp-json\/wp\/v2\/posts\/3256\/revisions\/3258"}],"wp:featuredmedia":[{"embeddable":true,"href":"https:\/\/www.iprade.com.br\/portal\/wp-json\/wp\/v2\/media\/3260"}],"wp:attachment":[{"href":"https:\/\/www.iprade.com.br\/portal\/wp-json\/wp\/v2\/media?parent=3256"}],"wp:term":[{"taxonomy":"category","embeddable":true,"href":"https:\/\/www.iprade.com.br\/portal\/wp-json\/wp\/v2\/categories?post=3256"},{"taxonomy":"post_tag","embeddable":true,"href":"https:\/\/www.iprade.com.br\/portal\/wp-json\/wp\/v2\/tags?post=3256"}],"curies":[{"name":"wp","href":"https:\/\/api.w.org\/{rel}","templated":true}]}}