{"id":3343,"date":"2021-09-10T10:15:41","date_gmt":"2021-09-10T13:15:41","guid":{"rendered":"https:\/\/www.iprade.com.br\/portal\/?p=3343"},"modified":"2021-09-10T20:01:51","modified_gmt":"2021-09-10T23:01:51","slug":"confira-o-que-foi-destaque-em-direito-eleitoral-nesta-semana","status":"publish","type":"post","link":"https:\/\/www.iprade.com.br\/portal\/confira-o-que-foi-destaque-em-direito-eleitoral-nesta-semana\/","title":{"rendered":"Confira o que foi destaque em Direito Eleitoral nesta semana"},"content":{"rendered":"<p>Selecionamos as principais not\u00edcias da Semana Eleitoral para\u00a0 voc\u00ea fique bem informado e compartilhe as novidades com seus amigos.<\/p>\n<p><a href=\"https:\/\/www1.folha.uol.com.br\/poder\/2021\/09\/camara-aprova-texto-base-do-projeto-de-quase-900-artigos-que-muda-toda-a-lei-eleitoral.shtml\"><b>C\u00e2mara aprova texto-base do C\u00f3digo Eleitoral<\/b><\/a><\/p>\n<p>Quarentena eleitoral para ju\u00edzes, membros do Minist\u00e9rio P\u00fablico, militares e policias foi rejeitada; a vota\u00e7\u00e3o deve ser conclu\u00edda na semana que vem e, ap\u00f3s, segue para o Senado.<\/p>\n<p>Fonte: Folha de S. Paulo<\/p>\n<p><a href=\"https:\/\/jornal.usp.br\/atualidades\/presidente-jair-bolsonaro-ataca-voto-eletronico-sem-provas-de-fraude-eleitoral\/\"><strong>Presidente Jair Bolsonaro ataca voto eletr\u00f4nico sem provas<\/strong><\/a><\/p>\n<p>Sistema eleitoral brasileiro \u00e9 seguro e n\u00e3o h\u00e1 provas de fraudes.<\/p>\n<p>Fonte: Jornal da USP<\/p>\n<p><strong><a href=\"https:\/\/www.tre-pr.jus.br\/imprensa\/noticias-tre-pr\/2021\/Setembro\/ministro-luiz-fux-nomeia-juiza-da-corte-do-tre-pr-para-grupo-de-trabalho-sobre-dosimetria\">Ministro Luiz Fux nomeia ju\u00edza da corte do TRE-PR para grupo de trabalho sobre dosimetria<\/a><\/strong><\/p>\n<p>A ju\u00edza da Corte da Justi\u00e7a Eleitoral do Paran\u00e1 Flavia da Costa Viana\u00a0 integrar\u00e1 o Grupo de Trabalho que vai elaborar as diretrizes para a dosimetria da pena nos processos criminais.<\/p>\n<p>Fonte: TRE-PR<\/p>\n<p><strong><a href=\"https:\/\/www.tse.jus.br\/imprensa\/noticias-tse\/2021\/Setembro\/tse-institui-comissao-para-gerir-o-tratamento-de-inconsistencias-biometricas-do-cadastro-eleitoral\">TSE institui comiss\u00e3o para gerir o tratamento de inconsist\u00eancias biom\u00e9tricas do Cadastro Eleitoral<\/a><\/strong><\/p>\n<p>Identifica\u00e7\u00e3o biom\u00e9trica do eleitorado ganhou relev\u00e2ncia dentro e fora da Justi\u00e7a Eleitoral, servindo como importante fonte de informa\u00e7\u00e3o para a Identifica\u00e7\u00e3o Civil Nacional (ICN).<\/p>\n<p>Fonte: TSE<\/p>\n<p><strong><a href=\"https:\/\/www.tse.jus.br\/imprensa\/noticias-tse\/2021\/Setembro\/tse-finaliza-leilao-para-descarte-de-urnas-em-desuso\">TSE finaliza leil\u00e3o para descarte de urnas em desuso<\/a><\/strong><\/p>\n<p>Concorr\u00eancia p\u00fablica foi feita para garantir destina\u00e7\u00e3o correta e reciclagem de materiais dos equipamentos.<\/p>\n<p>Fonte: TSE<\/p>\n<p>&nbsp;<\/p>\n<p>&nbsp;<\/p>\n<p>&nbsp;<\/p>\n<p>&nbsp;<\/p>\n","protected":false},"excerpt":{"rendered":"<p>Selecionamos as principais not\u00edcias da Semana Eleitoral para\u00a0 voc\u00ea fique bem informado e compartilhe as novidades com seus amigos. C\u00e2mara aprova texto-base do C\u00f3digo Eleitoral Quarentena eleitoral para ju\u00edzes, membros do Minist\u00e9rio P\u00fablico, militares e policias foi rejeitada; a vota\u00e7\u00e3o deve ser conclu\u00edda na semana que vem e, ap\u00f3s, segue para o Senado. Fonte: Folha [&hellip;]<\/p>\n","protected":false},"author":2,"featured_media":0,"comment_status":"open","ping_status":"open","sticky":false,"template":"","format":"standard","meta":{"_et_pb_use_builder":"","_et_pb_old_content":"","_et_gb_content_width":""},"categories":[2],"tags":[],"_links":{"self":[{"href":"https:\/\/www.iprade.com.br\/portal\/wp-json\/wp\/v2\/posts\/3343"}],"collection":[{"href":"https:\/\/www.iprade.com.br\/portal\/wp-json\/wp\/v2\/posts"}],"about":[{"href":"https:\/\/www.iprade.com.br\/portal\/wp-json\/wp\/v2\/types\/post"}],"author":[{"embeddable":true,"href":"https:\/\/www.iprade.com.br\/portal\/wp-json\/wp\/v2\/users\/2"}],"replies":[{"embeddable":true,"href":"https:\/\/www.iprade.com.br\/portal\/wp-json\/wp\/v2\/comments?post=3343"}],"version-history":[{"count":6,"href":"https:\/\/www.iprade.com.br\/portal\/wp-json\/wp\/v2\/posts\/3343\/revisions"}],"predecessor-version":[{"id":3350,"href":"https:\/\/www.iprade.com.br\/portal\/wp-json\/wp\/v2\/posts\/3343\/revisions\/3350"}],"wp:attachment":[{"href":"https:\/\/www.iprade.com.br\/portal\/wp-json\/wp\/v2\/media?parent=3343"}],"wp:term":[{"taxonomy":"category","embeddable":true,"href":"https:\/\/www.iprade.com.br\/portal\/wp-json\/wp\/v2\/categories?post=3343"},{"taxonomy":"post_tag","embeddable":true,"href":"https:\/\/www.iprade.com.br\/portal\/wp-json\/wp\/v2\/tags?post=3343"}],"curies":[{"name":"wp","href":"https:\/\/api.w.org\/{rel}","templated":true}]}}