{"id":3411,"date":"2021-10-15T10:37:44","date_gmt":"2021-10-15T13:37:44","guid":{"rendered":"https:\/\/www.iprade.com.br\/portal\/?p=3411"},"modified":"2021-10-15T14:07:08","modified_gmt":"2021-10-15T17:07:08","slug":"confira-o-que-foi-noticia-na-semana-eleitoral","status":"publish","type":"post","link":"https:\/\/www.iprade.com.br\/portal\/confira-o-que-foi-noticia-na-semana-eleitoral\/","title":{"rendered":"Confira o que foi not\u00edcia na Semana Eleitoral"},"content":{"rendered":"<p><strong>TV Brasil transmitiu mais de 157 horas de eventos de Bolsonaro na pandemia<\/strong><\/p>\n<p><em>Presidente do Iprade afirma que a reprodu\u00e7\u00e3o recorrente de discursos pode levar ao seu enquadramento no TSE por crime de abuso dos meios de comunica\u00e7\u00e3o, mesmo que n\u00e3o haja orienta\u00e7\u00e3o expressa do Planalto de uso da TV p\u00fablica para fins pol\u00edticos.<\/em><\/p>\n<p><a href=\"https:\/\/politica.estadao.com.br\/noticias\/geral,tv-brasil-transmitiu-mais-de-157-horas-de-eventos-de-bolsonaro-na-pandemia,70003862746.amp\">Fonte: Estad\u00e3o\u00a0<\/a><\/p>\n<p><strong>Investiga\u00e7\u00f5es contra Bolsonaro: quais s\u00e3o e os poss\u00edveis impactos eleitorais<\/strong><br \/>\n<em>Na an\u00e1lise de Paulo Golambiuk, secret\u00e1rio-geral do Iprade, o inqu\u00e9rito administrativo em andamento no TSE pode deixar o campo preparado com provas que podem ser usadas no per\u00edodo eleitoral.<\/em><\/p>\n<p><a href=\"https:\/\/www.jota.info\/stf\/do-supremo\/bolsonaro-investigacoes-impactos-16092021\">Fonte: Jota\u00a0<\/a><\/p>\n<p><strong>Justi\u00e7a em N\u00fameros: processos eletr\u00f4nicos alcan\u00e7am marca expressiva no ramo eleitoral<\/strong><\/p>\n<p><em>Em 2020, 99,5% dos novos casos protocolados na Justi\u00e7a Eleitoral foram virtuais.<\/em><\/p>\n<p><a href=\"https:\/\/www.tse.jus.br\/imprensa\/noticias-tse\/2021\/Outubro\/justica-em-numeros-processos-eletronicos-alcancam-marca-expressiva-no-ramo-eleitoral\">Fonte: TSE<\/a><\/p>\n<p><strong>Justi\u00e7a Eleitoral realiza primeira reuni\u00e3o de seguran\u00e7a das Elei\u00e7\u00f5es 2022<\/strong><\/p>\n<p><em>A reuni\u00e3o foi a primeira de muitas outras agendadas e marcou o in\u00edcio dos trabalhos de planejamento para a seguran\u00e7a das elei\u00e7\u00f5es de 2022.<\/em><\/p>\n<p><a href=\"https:\/\/www.tre-pr.jus.br\/imprensa\/noticias-tre-pr\/2021\/Outubro\/justica-eleitoral-realiza-primeira-reuniao-de-seguranca-das-eleicoes-2022\">Fonte: TSE\u00a0<\/a><\/p>\n<p><strong>\u00a0TSE inicia inspe\u00e7\u00e3o dos c\u00f3digos-fonte das urnas eletr\u00f4nicas para as elei\u00e7\u00f5es de 2022<\/strong><\/p>\n<p><em>Etapa durar\u00e1 duas semanas e servir\u00e1 de prepara\u00e7\u00e3o para testes de novembro, quando participantes tentar\u00e3o atacar o sistema, em busca de eventuais falhas a serem corrigidas.<\/em><\/p>\n<p><a href=\"https:\/\/g1.globo.com\/politica\/noticia\/2021\/10\/11\/tse-inicia-inspecao-dos-codigos-fonte-das-urnas-eletronicas-para-as-eleicoes-de-2022.ghtml\">Fonte: G1<\/a><\/p>\n<p><strong>Elei\u00e7\u00f5es: conhe\u00e7a novas regras para vota\u00e7\u00e3o de 2022<\/strong><\/p>\n<p><em>Mudan\u00e7as envolvem da data da posse \u00e0 distribui\u00e7\u00e3o de recursos.<br \/>\n<\/em><\/p>\n<p><a href=\"https:\/\/agenciabrasil.ebc.com.br\/politica\/noticia\/2021-10\/eleicoes-2022-conheca-novas-regras-eleitorais\">Fonte: Ag\u00eancia Brasil\u00a0<\/a><\/p>\n<p><strong>TSE mant\u00e9m ex-governador do Rio de Janeiro ineleg\u00edvel para 2022<\/strong><\/p>\n<p><em>A corte negou recuso de Pez\u00e3o e manteve o ac\u00f3rd\u00e3o do Tribunal Regional Eleitoral do Rio de Janeiro.<\/em><\/p>\n<p><a href=\"https:\/\/www.conjur.com.br\/2021-out-14\/tse-mantem-ex-governador-rj-pezao-inelegivel-2022\">Fonte: Conjur<\/a><\/p>\n","protected":false},"excerpt":{"rendered":"<p>TV Brasil transmitiu mais de 157 horas de eventos de Bolsonaro na pandemia Presidente do Iprade afirma que a reprodu\u00e7\u00e3o recorrente de discursos pode levar ao seu enquadramento no TSE por crime de abuso dos meios de comunica\u00e7\u00e3o, mesmo que n\u00e3o haja orienta\u00e7\u00e3o expressa do Planalto de uso da TV p\u00fablica para fins pol\u00edticos. Fonte: [&hellip;]<\/p>\n","protected":false},"author":2,"featured_media":0,"comment_status":"open","ping_status":"open","sticky":false,"template":"","format":"standard","meta":{"_et_pb_use_builder":"","_et_pb_old_content":"","_et_gb_content_width":""},"categories":[2],"tags":[],"_links":{"self":[{"href":"https:\/\/www.iprade.com.br\/portal\/wp-json\/wp\/v2\/posts\/3411"}],"collection":[{"href":"https:\/\/www.iprade.com.br\/portal\/wp-json\/wp\/v2\/posts"}],"about":[{"href":"https:\/\/www.iprade.com.br\/portal\/wp-json\/wp\/v2\/types\/post"}],"author":[{"embeddable":true,"href":"https:\/\/www.iprade.com.br\/portal\/wp-json\/wp\/v2\/users\/2"}],"replies":[{"embeddable":true,"href":"https:\/\/www.iprade.com.br\/portal\/wp-json\/wp\/v2\/comments?post=3411"}],"version-history":[{"count":2,"href":"https:\/\/www.iprade.com.br\/portal\/wp-json\/wp\/v2\/posts\/3411\/revisions"}],"predecessor-version":[{"id":3414,"href":"https:\/\/www.iprade.com.br\/portal\/wp-json\/wp\/v2\/posts\/3411\/revisions\/3414"}],"wp:attachment":[{"href":"https:\/\/www.iprade.com.br\/portal\/wp-json\/wp\/v2\/media?parent=3411"}],"wp:term":[{"taxonomy":"category","embeddable":true,"href":"https:\/\/www.iprade.com.br\/portal\/wp-json\/wp\/v2\/categories?post=3411"},{"taxonomy":"post_tag","embeddable":true,"href":"https:\/\/www.iprade.com.br\/portal\/wp-json\/wp\/v2\/tags?post=3411"}],"curies":[{"name":"wp","href":"https:\/\/api.w.org\/{rel}","templated":true}]}}