{"id":3474,"date":"2021-11-08T08:54:18","date_gmt":"2021-11-08T11:54:18","guid":{"rendered":"https:\/\/www.iprade.com.br\/portal\/?p=3474"},"modified":"2021-11-08T12:03:20","modified_gmt":"2021-11-08T15:03:20","slug":"confira-o-que-foi-destaque-em-direito-eleitoral","status":"publish","type":"post","link":"https:\/\/www.iprade.com.br\/portal\/confira-o-que-foi-destaque-em-direito-eleitoral\/","title":{"rendered":"Confira o que foi destaque em Direito Eleitoral"},"content":{"rendered":"<p class=\"content-head__title\"><strong>Investiga\u00e7\u00e3o que apura ataques ao sistema eleitoral pode levar \u00e0 inelegibilidade de Bolsonaro em 2022<\/strong><\/p>\n<p><em>A depender das provas colhidas, a investiga\u00e7\u00e3o pode levar \u00e0 inelegibilidade de Bolsonaro com o indeferimento do registro de sua candidatura ou, ap\u00f3s o registro ou elei\u00e7\u00e3o, com a cassa\u00e7\u00e3o de sua candidatura ou mandato.<\/em><\/p>\n<p><a href=\"https:\/\/g1.globo.com\/politica\/blog\/andreia-sadi\/post\/2021\/11\/03\/salomao-investigacao-que-apura-ataques-ao-sistema-eleitoral-pode-levar-a-inelegibilidade-de-bolsonaro-em-2022.ghtml\">Fonte: G1\u00a0<\/a><\/p>\n<p><strong>\u2018Temos de nos preparar novamente para uma guerra\u2019, diz Barroso sobre fake news em 2022<\/strong><\/p>\n<p><em>O presidente do TSE afirmou que a Corte deve refor\u00e7ar a proibi\u00e7\u00e3o de disparos em massa na campanha: &#8216;Podem levar \u00e0 cassa\u00e7\u00e3o&#8217;.<\/em><\/p>\n<p><a href=\"https:\/\/www.cartacapital.com.br\/politica\/temos-de-nos-preparar-novamente-para-uma-guerra-diz-barroso-sobre-fake-news-em-2022\/\">Fonte: Carta Capital<\/a><\/p>\n<p><strong>Afastou governador e condenou Crivella: conhe\u00e7a novo corregedor do TSE<\/strong><\/p>\n<p><em>Ministro Mauro Campbell Marques assume no lugar de Luis Felipe Salom\u00e3o e herda inqu\u00e9rito que, no cen\u00e1rio mais grave, pode impedir candidatura de Bolsonaro.<\/em><\/p>\n<p><a href=\"http:\/\/Leia mais em: https:\/\/veja.abril.com.br\/blog\/maquiavel\/afastou-governador-e-condenou-crivella-conheca-novo-corregedor-do-tse\/\">Fonte: Veja<\/a><\/p>\n<p class=\"noticia-titulo\"><strong>Live discute casos emblem\u00e1ticos da Suprema Corte dos Estados Unidos com reflex\u00f5es sobre o contexto brasileiro<\/strong><\/p>\n<p><em>A discuss\u00e3o, transmitida pelo YouTube, debateu sobre os casos \u201cCitizen United versus Federal Electoral Commission\u201d e \u201dBush versus Gore\u201d.<\/em><\/p>\n<p><a href=\"https:\/\/www.tre-pr.jus.br\/imprensa\/noticias-tre-pr\/2021\/Novembro\/live-discute-casos-emblematicos-da-suprema-corte-dos-estados-unidos-com-reflexoes-sobre-o-contexto-brasileiro\">Fonte: TRE-PR<\/a><\/p>\n<p><strong>TRE-PR realizou auditorias em elei\u00e7\u00e3o suplementar de Francisco Alves no domingo<\/strong><\/p>\n<p><em>Pela primeira vez, o Tribunal Regional Eleitoral do Paran\u00e1 (TRE-PR) realizou auditorias nas urnas em uma elei\u00e7\u00e3o suplementar, em cerim\u00f4nia p\u00fablica aberta para qualquer pessoa que quisesse acompanhar.<\/em><\/p>\n<p><a href=\"https:\/\/www.bemparana.com.br\/noticia\/tre-pr-realiza-auditorias-em-eleicao-suplementar-de-francisco-alves-no-domingo#.YYkPV2DMLIU\">Fonte: Bem Paran\u00e1<\/a><\/p>\n<p class=\"noticia-titulo\"><strong>Dra. Fl\u00e1via Viana ir\u00e1 atuar como ju\u00edza auxiliar do ministro Luiz Edson Fachin, no Tribunal Superior Eleitoral (TSE)<\/strong><\/p>\n<p><em>Ela ser\u00e1 substitu\u00edda pelo doutor Carlos Maur\u00edcio Ferreira.<\/em><\/p>\n<p><a href=\"https:\/\/www.tre-pr.jus.br\/imprensa\/noticias-tre-pr\/2021\/Novembro\/tre-pr-homenageia-procuradora-eleitoral\">Fonte: TRE-PR<\/a><\/p>\n<p>&nbsp;<\/p>\n","protected":false},"excerpt":{"rendered":"<p>Investiga\u00e7\u00e3o que apura ataques ao sistema eleitoral pode levar \u00e0 inelegibilidade de Bolsonaro em 2022 A depender das provas colhidas, a investiga\u00e7\u00e3o pode levar \u00e0 inelegibilidade de Bolsonaro com o indeferimento do registro de sua candidatura ou, ap\u00f3s o registro ou elei\u00e7\u00e3o, com a cassa\u00e7\u00e3o de sua candidatura ou mandato. Fonte: G1\u00a0 \u2018Temos de nos [&hellip;]<\/p>\n","protected":false},"author":2,"featured_media":0,"comment_status":"open","ping_status":"open","sticky":false,"template":"","format":"standard","meta":{"_et_pb_use_builder":"","_et_pb_old_content":"","_et_gb_content_width":""},"categories":[2],"tags":[],"_links":{"self":[{"href":"https:\/\/www.iprade.com.br\/portal\/wp-json\/wp\/v2\/posts\/3474"}],"collection":[{"href":"https:\/\/www.iprade.com.br\/portal\/wp-json\/wp\/v2\/posts"}],"about":[{"href":"https:\/\/www.iprade.com.br\/portal\/wp-json\/wp\/v2\/types\/post"}],"author":[{"embeddable":true,"href":"https:\/\/www.iprade.com.br\/portal\/wp-json\/wp\/v2\/users\/2"}],"replies":[{"embeddable":true,"href":"https:\/\/www.iprade.com.br\/portal\/wp-json\/wp\/v2\/comments?post=3474"}],"version-history":[{"count":4,"href":"https:\/\/www.iprade.com.br\/portal\/wp-json\/wp\/v2\/posts\/3474\/revisions"}],"predecessor-version":[{"id":3479,"href":"https:\/\/www.iprade.com.br\/portal\/wp-json\/wp\/v2\/posts\/3474\/revisions\/3479"}],"wp:attachment":[{"href":"https:\/\/www.iprade.com.br\/portal\/wp-json\/wp\/v2\/media?parent=3474"}],"wp:term":[{"taxonomy":"category","embeddable":true,"href":"https:\/\/www.iprade.com.br\/portal\/wp-json\/wp\/v2\/categories?post=3474"},{"taxonomy":"post_tag","embeddable":true,"href":"https:\/\/www.iprade.com.br\/portal\/wp-json\/wp\/v2\/tags?post=3474"}],"curies":[{"name":"wp","href":"https:\/\/api.w.org\/{rel}","templated":true}]}}