{"id":3481,"date":"2021-11-12T15:08:08","date_gmt":"2021-11-12T18:08:08","guid":{"rendered":"https:\/\/www.iprade.com.br\/portal\/?p=3481"},"modified":"2021-11-12T15:38:59","modified_gmt":"2021-11-12T18:38:59","slug":"ana-carolina-de-camargo-cleve-participa-do-painel-redes-sociais-e-eleicoes-do-iii-congresso-cearense-de-direito-eleitoral","status":"publish","type":"post","link":"https:\/\/www.iprade.com.br\/portal\/ana-carolina-de-camargo-cleve-participa-do-painel-redes-sociais-e-eleicoes-do-iii-congresso-cearense-de-direito-eleitoral\/","title":{"rendered":"Ana Carolina de Camargo Cl\u00e8ve participa do painel \u201cRedes Sociais e Elei\u00e7\u00f5es\u201d do III Congresso Cearense de Direito Eleitoral"},"content":{"rendered":"<p>A advogada Ana Carolina de Camargo Cl\u00e8ve, presidente do Instituto Paranaense de Direito Eleitoral (IPRADE), participou nesta quinta-feira (11) do Painel \u201cRedes Sociais e Elei\u00e7\u00f5es\u201d do III Congresso Cearense de Direito Eleitoral (Concede) com o tema \u201cRegula\u00e7\u00e3o da liberdade de express\u00e3o dos influenciadores digitais durante as campanhas eleitorais\u201d.<\/p>\n<p>Durante sua participa\u00e7\u00e3o, a advogada refor\u00e7ou seu posicionamento a favor da liberdade de express\u00e3o dos influenciadores digitais em per\u00edodo de campanhas eleitorais, citando v\u00e1rios exemplos de conduta que devem ser avaliados caso a caso.\u00a0 Se um influenciador digital se posicionar contra ou a favor de um candidato em seu canal de forma aut\u00eantica e gratuita n\u00e3o haveria raz\u00e3o para que seu discurso seja cerceado. \u201cSe for genu\u00edno, se for gratuito e espont\u00e2neo, o discurso pol\u00edtico n\u00e3o pode ser restringido\u201d, destacou Ana Carolina Cl\u00e8ve. Como contraponto, em casos que candidatos e partidos contratam ag\u00eancias e influenciadores para exaltar e elogiar sua candidatura. \u201cIsto n\u00e3o pode ser tolerado, \u00e9 uma constru\u00e7\u00e3o artificial para convencer aquele interlocutor de uma forma constru\u00edda toda artificialmente\u201d, afirmou a advogada.<\/p>\n<p>Com base nas premissas apresentadas, para concluir, a advogada refor\u00e7ou a necessidade de uma melhor an\u00e1lise deste dispositivo que consta no projeto do novo c\u00f3digo eleitoral para regulamentar a atua\u00e7\u00e3o dos empreendedores digitais.\u00a0 Ela salientou: \u201ca liberdade de express\u00e3o est\u00e1 ligada \u00e0 dignidade humana.\u00a0 N\u00f3s s\u00f3 existimos a partir do que a gente comunica.\u00a0 A gente precisa parar de restringir e precisa deixar de lado esse arranjo paternalista, porque a sociedade precisa ser emancipada. E n\u00e3o ser\u00e1 essa quest\u00e3o dos influenciadores digitais que, a meu ver, restringindo o discurso pol\u00edtico que n\u00f3s caminharemos para um avan\u00e7o democr\u00e1tico\u201d.<\/p>\n<p>&nbsp;<\/p>\n","protected":false},"excerpt":{"rendered":"<p>A advogada Ana Carolina de Camargo Cl\u00e8ve, presidente do Instituto Paranaense de Direito Eleitoral (IPRADE), participou nesta quinta-feira (11) do Painel \u201cRedes Sociais e Elei\u00e7\u00f5es\u201d do III Congresso Cearense de Direito Eleitoral (Concede) com o tema \u201cRegula\u00e7\u00e3o da liberdade de express\u00e3o dos influenciadores digitais durante as campanhas eleitorais\u201d. Durante sua participa\u00e7\u00e3o, a advogada refor\u00e7ou seu [&hellip;]<\/p>\n","protected":false},"author":2,"featured_media":3486,"comment_status":"open","ping_status":"open","sticky":false,"template":"","format":"standard","meta":{"_et_pb_use_builder":"","_et_pb_old_content":"","_et_gb_content_width":""},"categories":[2],"tags":[],"_links":{"self":[{"href":"https:\/\/www.iprade.com.br\/portal\/wp-json\/wp\/v2\/posts\/3481"}],"collection":[{"href":"https:\/\/www.iprade.com.br\/portal\/wp-json\/wp\/v2\/posts"}],"about":[{"href":"https:\/\/www.iprade.com.br\/portal\/wp-json\/wp\/v2\/types\/post"}],"author":[{"embeddable":true,"href":"https:\/\/www.iprade.com.br\/portal\/wp-json\/wp\/v2\/users\/2"}],"replies":[{"embeddable":true,"href":"https:\/\/www.iprade.com.br\/portal\/wp-json\/wp\/v2\/comments?post=3481"}],"version-history":[{"count":3,"href":"https:\/\/www.iprade.com.br\/portal\/wp-json\/wp\/v2\/posts\/3481\/revisions"}],"predecessor-version":[{"id":3491,"href":"https:\/\/www.iprade.com.br\/portal\/wp-json\/wp\/v2\/posts\/3481\/revisions\/3491"}],"wp:featuredmedia":[{"embeddable":true,"href":"https:\/\/www.iprade.com.br\/portal\/wp-json\/wp\/v2\/media\/3486"}],"wp:attachment":[{"href":"https:\/\/www.iprade.com.br\/portal\/wp-json\/wp\/v2\/media?parent=3481"}],"wp:term":[{"taxonomy":"category","embeddable":true,"href":"https:\/\/www.iprade.com.br\/portal\/wp-json\/wp\/v2\/categories?post=3481"},{"taxonomy":"post_tag","embeddable":true,"href":"https:\/\/www.iprade.com.br\/portal\/wp-json\/wp\/v2\/tags?post=3481"}],"curies":[{"name":"wp","href":"https:\/\/api.w.org\/{rel}","templated":true}]}}