{"id":3492,"date":"2021-11-12T20:26:12","date_gmt":"2021-11-12T23:26:12","guid":{"rendered":"https:\/\/www.iprade.com.br\/portal\/?p=3492"},"modified":"2021-11-12T20:30:08","modified_gmt":"2021-11-12T23:30:08","slug":"iprade-prorroga-inscricoes-para-novos-associados","status":"publish","type":"post","link":"https:\/\/www.iprade.com.br\/portal\/iprade-prorroga-inscricoes-para-novos-associados\/","title":{"rendered":"Iprade prorroga inscri\u00e7\u00f5es para novos associados"},"content":{"rendered":"<p>A data final para a inscri\u00e7\u00e3o para novos associados ao Instituto Paranaense de Direito Eleitoral (Iprade) foi prorrogada, por meio do <a href=\"https:\/\/www.iprade.com.br\/portal\/wp-content\/uploads\/2021\/11\/Aditamento-Edital-01-Novos-Membros-IPRADE.docx.pdf\">Edital n\u00ba 1\/2021<\/a>, at\u00e9 o dia 1\u00ba de dezembro. O instituto havia aberto as inscri\u00e7\u00f5es\u00a0em outubro e tem como foco interessados no Direito Eleitoral como objeto de estudo ou de trabalho.<\/p>\n<p>Confira <a href=\"https:\/\/www.iprade.com.br\/portal\/wp-content\/uploads\/2021\/10\/EDITAL-ENTRADA-DE-NOVOS-MEMBROS-2021.pdf\">aqui<\/a> os requisitos para inscri\u00e7\u00e3o.<\/p>\n<p>Os interessados devem encaminhar a ficha de inscri\u00e7\u00e3o e demais documentos para <a href=\"mailto:contato@iprade.com.br\">contato@iprade.com.br<\/a>.<\/p>\n<p><a href=\"https:\/\/www.iprade.com.br\/portal\/wp-content\/uploads\/2021\/10\/IPRADE-Resolu%C3%A7%C3%A3o-n%C2%BA-1-2021.pdf\">Confira a Resolu\u00e7\u00e3o n\u00ba 1<\/a> \u2013 disp\u00f5e sobre a contribui\u00e7\u00e3o pecuni\u00e1ria dos membros<\/p>\n<p>Confira a <a href=\"https:\/\/www.iprade.com.br\/portal\/wp-content\/uploads\/2021\/10\/Resolu%C3%A7%C3%A3o-n%C2%BA-2-2021.pdf\">Resolu\u00e7\u00e3o n\u00ba 2\/2021<\/a> e o <a href=\"https:\/\/www.iprade.com.br\/portal\/wp-content\/uploads\/2021\/10\/ANEXO-I-Resolu%C3%A7%C3%A3o-n%C2%BA-2-2021.pdf\">Anexo I<\/a>.<\/p>\n<p>Acesse aqui o <a href=\"https:\/\/www.iprade.com.br\/portal\/wp-content\/uploads\/2021\/10\/Estatuto-IPRADE-2019.pdf\">Estatuto Social Consolidado do IPRADE<\/a>.<\/p>\n<p>Acesse o <a href=\"https:\/\/www.iprade.com.br\/portal\/wp-content\/uploads\/2021\/10\/FORMUL%C3%81RIO-DE-INSCRI%C3%87%C3%83O.docx\">formul\u00e1rio de inscri\u00e7\u00e3o aqui<\/a>.<\/p>\n","protected":false},"excerpt":{"rendered":"<p>A data final para a inscri\u00e7\u00e3o para novos associados ao Instituto Paranaense de Direito Eleitoral (Iprade) foi prorrogada, por meio do Edital n\u00ba 1\/2021, at\u00e9 o dia 1\u00ba de dezembro. O instituto havia aberto as inscri\u00e7\u00f5es\u00a0em outubro e tem como foco interessados no Direito Eleitoral como objeto de estudo ou de trabalho. Confira aqui os [&hellip;]<\/p>\n","protected":false},"author":2,"featured_media":0,"comment_status":"open","ping_status":"open","sticky":false,"template":"","format":"standard","meta":{"_et_pb_use_builder":"","_et_pb_old_content":"","_et_gb_content_width":""},"categories":[2],"tags":[],"_links":{"self":[{"href":"https:\/\/www.iprade.com.br\/portal\/wp-json\/wp\/v2\/posts\/3492"}],"collection":[{"href":"https:\/\/www.iprade.com.br\/portal\/wp-json\/wp\/v2\/posts"}],"about":[{"href":"https:\/\/www.iprade.com.br\/portal\/wp-json\/wp\/v2\/types\/post"}],"author":[{"embeddable":true,"href":"https:\/\/www.iprade.com.br\/portal\/wp-json\/wp\/v2\/users\/2"}],"replies":[{"embeddable":true,"href":"https:\/\/www.iprade.com.br\/portal\/wp-json\/wp\/v2\/comments?post=3492"}],"version-history":[{"count":2,"href":"https:\/\/www.iprade.com.br\/portal\/wp-json\/wp\/v2\/posts\/3492\/revisions"}],"predecessor-version":[{"id":3495,"href":"https:\/\/www.iprade.com.br\/portal\/wp-json\/wp\/v2\/posts\/3492\/revisions\/3495"}],"wp:attachment":[{"href":"https:\/\/www.iprade.com.br\/portal\/wp-json\/wp\/v2\/media?parent=3492"}],"wp:term":[{"taxonomy":"category","embeddable":true,"href":"https:\/\/www.iprade.com.br\/portal\/wp-json\/wp\/v2\/categories?post=3492"},{"taxonomy":"post_tag","embeddable":true,"href":"https:\/\/www.iprade.com.br\/portal\/wp-json\/wp\/v2\/tags?post=3492"}],"curies":[{"name":"wp","href":"https:\/\/api.w.org\/{rel}","templated":true}]}}