{"id":3545,"date":"2021-11-25T19:37:29","date_gmt":"2021-11-25T22:37:29","guid":{"rendered":"https:\/\/www.iprade.com.br\/portal\/?p=3545"},"modified":"2021-11-25T20:09:59","modified_gmt":"2021-11-25T23:09:59","slug":"iprade-sauda-nova-diretoria-da-oab-parana-que-pela-primeira-vez-sera-presidida-por-uma-mulher","status":"publish","type":"post","link":"https:\/\/www.iprade.com.br\/portal\/iprade-sauda-nova-diretoria-da-oab-parana-que-pela-primeira-vez-sera-presidida-por-uma-mulher\/","title":{"rendered":"Iprade sa\u00fada nova diretoria da OAB Paran\u00e1, que pela primeira vez ser\u00e1 presidida por uma mulher"},"content":{"rendered":"<p>A chapa XI de agosto venceu com 59,68% dos votos v\u00e1lidos as elei\u00e7\u00f5es para presidir a OAB Paran\u00e1 na gest\u00e3o 2022-2024. Marilena Winter ser\u00e1, assim, a primeira mulher a presidir a institui\u00e7\u00e3o.<\/p>\n<p>\u201cCom satisfa\u00e7\u00e3o o Iprade observa o aumento do espa\u00e7o feminino na diretoria que acaba de ser escolhida pela advocacia para gerir a OAB Paran\u00e1 no pr\u00f3ximo tri\u00eanio. Parab\u00e9ns aos diretores eleitos, especialmente Marilena Winter, Fernanda Val\u00e9rio, Marion Bach e Roberta Santiago. Felicitamos na pessoa de nosso membro fundador, Luiz Fernando Casagrande Pereira, que ser\u00e1 diretor tesoureiro da seccional, todos os ipradianos que acabam de ser eleitos para o Conselho Pleno da OAB Paran\u00e1\u201d, cumprimenta Ana Carolina Cl\u00e8ve, presidente do Instituto Paranaense de Direito Eleitoral.<\/p>\n<h3>Pleito<\/h3>\n<p>A OAB Paran\u00e1 realizou nesta quinta-feira (25\/11) as elei\u00e7\u00f5es para a gest\u00e3o 2022-2024. Pela primeira vez, foi empregado o voto on-line. O processo eleitoral foi aberto \u00e0 advocacia para preenchimento dos cargos do conselho seccional e sua diretoria, conselheiros federais, diretoria da Caixa de Assist\u00eancia dos Advogados (CAA-PR) e diretorias das 49 subse\u00e7\u00f5es ou conselhos subseccionais.<\/p>\n<h3>Resultados<\/h3>\n<p>Alem de Marilena Winter como presidente, elegeram-se diretores pela XI de agosto o vice-presidente Fernando Deneka, o secret\u00e1rio-geral Henrique Gaede, secret\u00e1ria-geral adjunta Roberta Santiago, a diretora de Prerrogativas Marion Bach, a diretora da Jovem Advocacia a Fernanda Val\u00e9rio \u00e9 o diretor-tesoureiro Luiz Fernando Pereira, que \u00e9 membro fundador do Iprade.<\/p>\n<p>Em segundo lugar na elei\u00e7\u00e3o ficou a chapa Algo Novo, encabe\u00e7ada pelo advogado Marcelo Trindade, com 28,30% dos votos v\u00e1lidos.<\/p>\n<p>Em terceiro, com 12,01% dos votos v\u00e1lidos ficou a chapa Artigo 5\u00ba, que tinha \u00e0 frente o advogado R\u00f4mulo Quenehen.<\/p>\n<p>Dos pouco mais de 57 mil advogados e advogadas aptos, 49.364 se manifestaram. Foram registrados 2.133 votos brancos e 2.435 nulos.<\/p>\n","protected":false},"excerpt":{"rendered":"<p>A chapa XI de agosto venceu com 59,68% dos votos v\u00e1lidos as elei\u00e7\u00f5es para presidir a OAB Paran\u00e1 na gest\u00e3o 2022-2024. Marilena Winter ser\u00e1, assim, a primeira mulher a presidir a institui\u00e7\u00e3o. \u201cCom satisfa\u00e7\u00e3o o Iprade observa o aumento do espa\u00e7o feminino na diretoria que acaba de ser escolhida pela advocacia para gerir a OAB [&hellip;]<\/p>\n","protected":false},"author":2,"featured_media":3546,"comment_status":"open","ping_status":"open","sticky":false,"template":"","format":"standard","meta":{"_et_pb_use_builder":"","_et_pb_old_content":"","_et_gb_content_width":""},"categories":[2],"tags":[],"_links":{"self":[{"href":"https:\/\/www.iprade.com.br\/portal\/wp-json\/wp\/v2\/posts\/3545"}],"collection":[{"href":"https:\/\/www.iprade.com.br\/portal\/wp-json\/wp\/v2\/posts"}],"about":[{"href":"https:\/\/www.iprade.com.br\/portal\/wp-json\/wp\/v2\/types\/post"}],"author":[{"embeddable":true,"href":"https:\/\/www.iprade.com.br\/portal\/wp-json\/wp\/v2\/users\/2"}],"replies":[{"embeddable":true,"href":"https:\/\/www.iprade.com.br\/portal\/wp-json\/wp\/v2\/comments?post=3545"}],"version-history":[{"count":7,"href":"https:\/\/www.iprade.com.br\/portal\/wp-json\/wp\/v2\/posts\/3545\/revisions"}],"predecessor-version":[{"id":3554,"href":"https:\/\/www.iprade.com.br\/portal\/wp-json\/wp\/v2\/posts\/3545\/revisions\/3554"}],"wp:featuredmedia":[{"embeddable":true,"href":"https:\/\/www.iprade.com.br\/portal\/wp-json\/wp\/v2\/media\/3546"}],"wp:attachment":[{"href":"https:\/\/www.iprade.com.br\/portal\/wp-json\/wp\/v2\/media?parent=3545"}],"wp:term":[{"taxonomy":"category","embeddable":true,"href":"https:\/\/www.iprade.com.br\/portal\/wp-json\/wp\/v2\/categories?post=3545"},{"taxonomy":"post_tag","embeddable":true,"href":"https:\/\/www.iprade.com.br\/portal\/wp-json\/wp\/v2\/tags?post=3545"}],"curies":[{"name":"wp","href":"https:\/\/api.w.org\/{rel}","templated":true}]}}