{"id":3555,"date":"2021-11-26T13:51:07","date_gmt":"2021-11-26T16:51:07","guid":{"rendered":"https:\/\/www.iprade.com.br\/portal\/?p=3555"},"modified":"2022-01-31T12:37:23","modified_gmt":"2022-01-31T14:37:23","slug":"confira-os-temas-em-alta-na-semana-eleitoral","status":"publish","type":"post","link":"https:\/\/www.iprade.com.br\/portal\/confira-os-temas-em-alta-na-semana-eleitoral\/","title":{"rendered":"Confira os temas em alta na Semana Eleitoral"},"content":{"rendered":"<p><strong>Iprade sa\u00fada nova diretoria da OAB Paran\u00e1 que pela primeira vez ser\u00e1 presidida por uma mulher<\/strong><\/p>\n<p>A chapa XI de agosto venceu com 59,68% dos votos v\u00e1lidos as elei\u00e7\u00f5es para presidir a OAB Paran\u00e1 na gest\u00e3o 2022-2024. Marilena Winter ser\u00e1, assim, a primeira mulher a presidir a institui\u00e7\u00e3o.<\/p>\n<p>Fonte: <a href=\"https:\/\/www.iprade.com.br\/portal\/iprade-sauda-nova-diretoria-da-oab-parana-que-pela-primeira-vez-sera-presidida-por-uma-mulher\/\">IPRADE<\/a><\/p>\n<p>&nbsp;<\/p>\n<p><strong>Candidatos \u00e0 presid\u00eancia da OAB participaram de debate promovido com apoio do Iprade<\/strong><\/p>\n<p>O Instituto Paranaense de Direito Eleitoral (IPRADE) promoveu, na manh\u00e3 desta segunda-feira (22\/11), um debate entre os candidatos \u00e0 presid\u00eancia da OAB Paran\u00e1.<\/p>\n<p>Fonte:\u00a0<a href=\"https:\/\/www.iprade.com.br\/portal\/candidatos-a-eleicao-da-oab-parana-participam-de-debate-promovido-pelo-iprade-em-parceria-com-iap-e-cesa\/\">IPRADE<\/a><\/p>\n<p>&nbsp;<\/p>\n<p><strong>Membro do IPRADE participa de miss\u00e3o de observa\u00e7\u00e3o eleitoral no Chile<\/strong><\/p>\n<p>O advogado Luiz Gustavo de Andrade, membro do IPRADE, participou dos dias 19 a 22 de novembro da Miss\u00e3o de Observa\u00e7\u00e3o das Elei\u00e7\u00f5es do Chile.<\/p>\n<p>Fonte: <a href=\"https:\/\/www.iprade.com.br\/portal\/advogado-luiz-gustavo-de-andrade-membro-do-iprade-participa-da-missao-de-observacao-das-eleicoes-no-chile\/\">IPRADE<\/a><\/p>\n<p>&nbsp;<\/p>\n<p><strong>ALEP promove debate sobre viol\u00eancia pol\u00edtica<\/strong><\/p>\n<p>Ocupando apenas 15% das vagas legislativas, mulheres apostam na uni\u00e3o e na nova legisla\u00e7\u00e3o para acabar com atos de preconceito e viol\u00eancia na pol\u00edtica.<\/p>\n<p>Fonte: <a href=\"http:\/\/www.assembleia.pr.leg.br\/comunicacao\/noticias\/debate-sobre-violencia-politica-abre-na-assembleia-legislativa-a-campanha-21-dias-de\">Assembleia Legislativa<\/a><\/p>\n<p>&nbsp;<\/p>\n<p><strong>Justi\u00e7a Eleitoral fortalece a\u00e7\u00f5es conjuntas contra a desinforma\u00e7\u00e3o<\/strong><\/p>\n<p>Para combater os impactos negativos provocados pela dissemina\u00e7\u00e3o de not\u00edcias falsas no processo eleitoral e na democracia, uma das iniciativas do\u00a0<a href=\"https:\/\/www.cnj.jus.br\/poder-judiciario\/tribunais\/tribunal-superior-eleitoral-tse\/\" target=\"_blank\" rel=\"noopener noreferrer\">Tribunal Superior Eleitoral (TSE)<\/a>\u00a0\u00e9 o\u00a0<a href=\"https:\/\/www.justicaeleitoral.jus.br\/desinformacao\" target=\"_blank\" rel=\"noopener noreferrer\">Programa de Enfrentamento \u00e0 Desinforma\u00e7\u00e3o<\/a>, que atualmente conta com parcerias com mais de 70 institui\u00e7\u00f5es.<\/p>\n<p>Fonte: <a href=\"https:\/\/www.cnj.jus.br\/justica-eleitoral-fortalece-acoes-conjuntas-contra-desinformacao-e-pela-democracia\/\">CNJ<\/a><\/p>\n<p>&nbsp;<\/p>\n<p><strong>Encerradas pelo TSE as audi\u00eancias p\u00fablicas sobre normas para as elei\u00e7\u00f5es de 2022<\/strong><\/p>\n<p>Tribunal ouvir partidos pol\u00edticos e institui\u00e7\u00f5es p\u00fablicas e privadas<\/p>\n<p>Fonte: <a href=\"https:\/\/agenciabrasil.ebc.com.br\/justica\/noticia\/2021-11\/tse-encerra-audiencias-publicas-sobre-normas-para-eleicao-de-2022\">Ag\u00eancia Brasil<\/a><\/p>\n<p>&nbsp;<\/p>\n<p><strong>TSE fecha acordo de coopera\u00e7\u00e3o com Autoridade de Prote\u00e7\u00e3o de Dados<\/strong><\/p>\n<p>Tribunal ouvir partidos pol\u00edticos e institui\u00e7\u00f5es p\u00fablicas e privadas<\/p>\n<p>Fonte: <a href=\"https:\/\/agenciabrasil.ebc.com.br\/justica\/noticia\/2021-11\/tse-assina-acordo-de-cooperacao-com-autoridade-de-protecao-de-dados\">Ag\u00eancia Brasil<\/a><\/p>\n<p>&nbsp;<\/p>\n<p><strong>A\u00e7\u00e3o no Col\u00e9gio Shirley Catarina Tamalu Machado, em S\u00e3o Jos\u00e9 dos Pinhais, promove alistamento eleitoral de jovens estudantes<\/strong><\/p>\n<p>Na mesma institui\u00e7\u00e3o, foi realizada tamb\u00e9m a elei\u00e7\u00e3o do Projeto Parlamento Jovem, com a escolha de vereadoras e vereadores mirins<\/p>\n<p>Fonte: <a href=\"https:\/\/www.tre-pr.jus.br\/imprensa\/noticias-tre-pr\/2021\/Novembro\/acao-no-colegio-shirley-catarina-tamalu-machado-em-sao-jose-dos-pinhais-promove-alistamento-eleitoral-de-jovens-estudantes\">TRE-PR<\/a><\/p>\n","protected":false},"excerpt":{"rendered":"<p>Iprade sa\u00fada nova diretoria da OAB Paran\u00e1 que pela primeira vez ser\u00e1 presidida por uma mulher A chapa XI de agosto venceu com 59,68% dos votos v\u00e1lidos as elei\u00e7\u00f5es para presidir a OAB Paran\u00e1 na gest\u00e3o 2022-2024. Marilena Winter ser\u00e1, assim, a primeira mulher a presidir a institui\u00e7\u00e3o. Fonte: IPRADE &nbsp; Candidatos \u00e0 presid\u00eancia da [&hellip;]<\/p>\n","protected":false},"author":2,"featured_media":0,"comment_status":"open","ping_status":"open","sticky":false,"template":"","format":"standard","meta":{"_et_pb_use_builder":"","_et_pb_old_content":"","_et_gb_content_width":""},"categories":[2],"tags":[],"_links":{"self":[{"href":"https:\/\/www.iprade.com.br\/portal\/wp-json\/wp\/v2\/posts\/3555"}],"collection":[{"href":"https:\/\/www.iprade.com.br\/portal\/wp-json\/wp\/v2\/posts"}],"about":[{"href":"https:\/\/www.iprade.com.br\/portal\/wp-json\/wp\/v2\/types\/post"}],"author":[{"embeddable":true,"href":"https:\/\/www.iprade.com.br\/portal\/wp-json\/wp\/v2\/users\/2"}],"replies":[{"embeddable":true,"href":"https:\/\/www.iprade.com.br\/portal\/wp-json\/wp\/v2\/comments?post=3555"}],"version-history":[{"count":1,"href":"https:\/\/www.iprade.com.br\/portal\/wp-json\/wp\/v2\/posts\/3555\/revisions"}],"predecessor-version":[{"id":3556,"href":"https:\/\/www.iprade.com.br\/portal\/wp-json\/wp\/v2\/posts\/3555\/revisions\/3556"}],"wp:attachment":[{"href":"https:\/\/www.iprade.com.br\/portal\/wp-json\/wp\/v2\/media?parent=3555"}],"wp:term":[{"taxonomy":"category","embeddable":true,"href":"https:\/\/www.iprade.com.br\/portal\/wp-json\/wp\/v2\/categories?post=3555"},{"taxonomy":"post_tag","embeddable":true,"href":"https:\/\/www.iprade.com.br\/portal\/wp-json\/wp\/v2\/tags?post=3555"}],"curies":[{"name":"wp","href":"https:\/\/api.w.org\/{rel}","templated":true}]}}