{"id":3652,"date":"2022-03-10T13:47:13","date_gmt":"2022-03-10T16:47:13","guid":{"rendered":"https:\/\/www.iprade.com.br\/portal\/?p=3652"},"modified":"2022-03-10T13:47:13","modified_gmt":"2022-03-10T16:47:13","slug":"no-essent-jus-experience-presidente-do-ipadre-palestra-sobre-influenciadores-digitais-nas-eleicoes","status":"publish","type":"post","link":"https:\/\/www.iprade.com.br\/portal\/no-essent-jus-experience-presidente-do-ipadre-palestra-sobre-influenciadores-digitais-nas-eleicoes\/","title":{"rendered":"No Essent Jus Experience, presidente do Ipadre palestra sobre \u201cinfluenciadores digitais nas elei\u00e7\u00f5es\u201d"},"content":{"rendered":"<p>A advogada Ana Carolina de Camargo Cl\u00e8ve, presidente do Instituto Paranaense de Direito Eleitoral (Iprade), \u00e9 uma das palestrantes do Essent Jus Experience, evento co-realizado pela Essent Jus e pela Academia Brasileira de Direito Eleitoral e Pol\u00edtico (Abradep), em Bras\u00edlia. Aberto na quarta-feira (9\/3), o evento segue at\u00e9 dia 11 de mar\u00e7o.<\/p>\n<p>No dia da abertura, Ana Carolina abordou o tema \u201cInfluenciadores Digitais nas Elei\u00e7\u00f5es: qual pode ser o seu papel e como utiliz\u00e1-los\u201d em um painel que contou tamb\u00e9m com a participa\u00e7\u00e3o da cientista pol\u00edtica Nerea Ramirez Garcia.<\/p>\n<p>Tendo a inova\u00e7\u00e3o como pilar central, o evento destina-se a advogados, contadores, representantes de partidos, candidatos, profissionais do marketing pol\u00edtico e demais interessados em se preparar bem para as elei\u00e7\u00f5es de 2022.<\/p>\n<p>Na programa\u00e7\u00e3o, o Iprade foi representado ainda por quatro ex-presidentes, os advogados Guilherme de Salles Gon\u00e7alves, Luiz Fernando Casagrande Pereira, Gustavo Guedes e Mois\u00e9s Pessutti. O secret\u00e1rio-geral do instituto, Paulo Golambiuk, tomou parte do staff dos ciclos de debate do evento.<\/p>\n","protected":false},"excerpt":{"rendered":"<p>A advogada Ana Carolina de Camargo Cl\u00e8ve, presidente do Instituto Paranaense de Direito Eleitoral (Iprade), \u00e9 uma das palestrantes do Essent Jus Experience, evento co-realizado pela Essent Jus e pela Academia Brasileira de Direito Eleitoral e Pol\u00edtico (Abradep), em Bras\u00edlia. Aberto na quarta-feira (9\/3), o evento segue at\u00e9 dia 11 de mar\u00e7o. No dia da [&hellip;]<\/p>\n","protected":false},"author":2,"featured_media":3653,"comment_status":"open","ping_status":"open","sticky":false,"template":"","format":"standard","meta":{"_et_pb_use_builder":"","_et_pb_old_content":"","_et_gb_content_width":""},"categories":[2],"tags":[],"_links":{"self":[{"href":"https:\/\/www.iprade.com.br\/portal\/wp-json\/wp\/v2\/posts\/3652"}],"collection":[{"href":"https:\/\/www.iprade.com.br\/portal\/wp-json\/wp\/v2\/posts"}],"about":[{"href":"https:\/\/www.iprade.com.br\/portal\/wp-json\/wp\/v2\/types\/post"}],"author":[{"embeddable":true,"href":"https:\/\/www.iprade.com.br\/portal\/wp-json\/wp\/v2\/users\/2"}],"replies":[{"embeddable":true,"href":"https:\/\/www.iprade.com.br\/portal\/wp-json\/wp\/v2\/comments?post=3652"}],"version-history":[{"count":1,"href":"https:\/\/www.iprade.com.br\/portal\/wp-json\/wp\/v2\/posts\/3652\/revisions"}],"predecessor-version":[{"id":3654,"href":"https:\/\/www.iprade.com.br\/portal\/wp-json\/wp\/v2\/posts\/3652\/revisions\/3654"}],"wp:featuredmedia":[{"embeddable":true,"href":"https:\/\/www.iprade.com.br\/portal\/wp-json\/wp\/v2\/media\/3653"}],"wp:attachment":[{"href":"https:\/\/www.iprade.com.br\/portal\/wp-json\/wp\/v2\/media?parent=3652"}],"wp:term":[{"taxonomy":"category","embeddable":true,"href":"https:\/\/www.iprade.com.br\/portal\/wp-json\/wp\/v2\/categories?post=3652"},{"taxonomy":"post_tag","embeddable":true,"href":"https:\/\/www.iprade.com.br\/portal\/wp-json\/wp\/v2\/tags?post=3652"}],"curies":[{"name":"wp","href":"https:\/\/api.w.org\/{rel}","templated":true}]}}