{"id":3655,"date":"2022-03-10T14:30:10","date_gmt":"2022-03-10T17:30:10","guid":{"rendered":"https:\/\/www.iprade.com.br\/portal\/?p=3655"},"modified":"2022-03-10T14:30:10","modified_gmt":"2022-03-10T17:30:10","slug":"semana-eleitoral-seguem-os-destaques-desta-semana-3","status":"publish","type":"post","link":"https:\/\/www.iprade.com.br\/portal\/semana-eleitoral-seguem-os-destaques-desta-semana-3\/","title":{"rendered":"Semana Eleitoral: seguem os destaques desta semana"},"content":{"rendered":"<h3>Com espa\u00e7o reduzido, mulheres lutam por maior representatividade na pol\u00edtica<\/h3>\n<p>Mar\u00e7o tamb\u00e9m \u00e9 m\u00eas de falar sobre a representatividade feminina na pol\u00edtica. As mulheres s\u00e3o a maioria da popula\u00e7\u00e3o e do eleitorado, mas ainda enfrentam diversas barreiras para participarem da pol\u00edtica e s\u00e3o minoria nas casas legislativas de todo o Brasil.<\/p>\n<p><a href=\"https:\/\/cbncuritiba.com.br\/materias\/com-espaco-reduzido-mulheres-lutam-por-maior-representatividade-na-politica\/\"><em>Fonte: CNB Curitiba<\/em><\/a><\/p>\n<h3>Mulher e Elei\u00e7\u00e3o<\/h3>\n<p>A advogada Ana Carolina de Camargo Cl\u00e8ve celebra este 8 de mar\u00e7o com a certeza de que as mulheres precisam lutar para manter o que j\u00e1 conquistaram \u2014 e isso vale tamb\u00e9m para o \u00e2mbito eleitoral.<\/p>\n<p><em><a href=\"http:\/\/www.aroldomura.com.br\/mulher-e-eleicao\/\">Fonte: Aroldo Mur\u00e1<\/a><\/em><\/p>\n<h3>No TikTok, Justi\u00e7a Eleitoral do Paran\u00e1 aposta em memes e hits para engajar jovens na pol\u00edtica<\/h3>\n<p>No Paran\u00e1, mais de 350 mil eleitores t\u00eam idade entre 16 e 20 anos. Voto \u00e9 obrigat\u00f3rio s\u00f3 a partir dos 18, mas, na rede social, adolescentes lamentam ainda n\u00e3o ter idade para votar.<\/p>\n<p><a href=\"https:\/\/g1.globo.com\/pr\/parana\/noticia\/2022\/03\/10\/no-tiktok-justica-eleitoral-do-parana-aposta-em-memes-e-hits-para-engajar-jovem-na-politica-mesaria-hoje-produz-parte-do-conteudo.ghtml\"><em>Fonte: G1\/Paran\u00e1 RPC<\/em><\/a><\/p>\n<h3>Ministro Fachin no Roda Viva<\/h3>\n<p>O ministro Luiz \u00c9dson Fachin esteve no centro do Roda Viva, programa da TV Cultura, no dia 7 de mar\u00e7o. Fachin falou dos desafios que enfrentar\u00e1 neste ano de elei\u00e7\u00e3o como presidente do Tribunal Superior Eleitoral.<\/p>\n<p><a href=\"https:\/\/www.youtube.com\/watch?v=ZNBwRELg2S4\"><em>Fonte: Roda Viva &#8211; Youtube<\/em><\/a><\/p>\n<h3>TSE cria nova Assessoria com foco no combate \u00e0 desinforma\u00e7\u00e3o<\/h3>\n<p>Iniciativa \u00e9 mais uma das a\u00e7\u00f5es da Corte para enfrentar as fake news disseminadas contra o processo eleitoral e as elei\u00e7\u00f5es<\/p>\n<p><a href=\"https:\/\/www.tse.jus.br\/imprensa\/noticias-tse\/2022\/Marco\/tse-cria-nova-assessoria-com-foco-no-combate-a-desinformacao\"><em>Fonte: TSE<\/em><\/a><\/p>\n<h3>TSE altera data de registro das federa\u00e7\u00f5es e porcentagem de urnas auditadas<\/h3>\n<p>Tribunal tamb\u00e9m diminuiu prazo para a disponibiliza\u00e7\u00e3o dos boletins de urna<\/p>\n<p><a href=\"https:\/\/www.jota.info\/eleicoes\/tse-altera-data-de-registro-das-federacoes-e-porcentagem-de-urnas-auditadas-03032022\"><em>Fonte: JOTA<\/em><\/a><\/p>\n<h3>TSE cria Comiss\u00e3o de Igualdade Racial para ampliar participa\u00e7\u00e3o de pessoas negras nas elei\u00e7\u00f5es<\/h3>\n<p>Ministro Benedito Gon\u00e7alves ser\u00e1 o coordenador da iniciativa, que tem o objetivo de elaborar estudos e desenvolver a\u00e7\u00f5es efetivas sobre o tema<\/p>\n<p><a href=\"https:\/\/www.tse.jus.br\/imprensa\/noticias-tse\/2022\/Marco\/tse-cria-comissao-de-igualdade-racial-para-ampliar-participacao-de-pessoas-negras-nas-eleicoes\"><em>Fonte: TSE<\/em><\/a><\/p>\n<h3>No Essent Jus Experience, presidente do Ipadre palestra sobre \u201cinfluenciadores digitais nas elei\u00e7\u00f5es\u201d<\/h3>\n<p>A advogada Ana Carolina de Camargo Cl\u00e8ve, presidente do Iprade, \u00e9 uma das palestrantes do Essent Jus Experience, evento co-realizado pela Essent Just e pela Academia Brasileira de Direito Eleitoral e Pol\u00edtico (Abradep), em Bras\u00edlia. Aberto na quarta-feira (9\/3), o evento segue at\u00e9 dia 11 de mar\u00e7o.<\/p>\n<p><a href=\"https:\/\/www.iprade.com.br\/portal\/no-essent-jus-experience-presidente-do-ipadre-palestra-sobre-influenciadores-digitais-nas-eleicoes\/\"><em>Fonte: IPRADE<\/em><\/a><\/p>\n","protected":false},"excerpt":{"rendered":"<p>Com espa\u00e7o reduzido, mulheres lutam por maior representatividade na pol\u00edtica Mar\u00e7o tamb\u00e9m \u00e9 m\u00eas de falar sobre a representatividade feminina na pol\u00edtica. As mulheres s\u00e3o a maioria da popula\u00e7\u00e3o e do eleitorado, mas ainda enfrentam diversas barreiras para participarem da pol\u00edtica e s\u00e3o minoria nas casas legislativas de todo o Brasil. Fonte: CNB Curitiba Mulher [&hellip;]<\/p>\n","protected":false},"author":2,"featured_media":2596,"comment_status":"open","ping_status":"open","sticky":false,"template":"","format":"standard","meta":{"_et_pb_use_builder":"","_et_pb_old_content":"","_et_gb_content_width":""},"categories":[2],"tags":[],"_links":{"self":[{"href":"https:\/\/www.iprade.com.br\/portal\/wp-json\/wp\/v2\/posts\/3655"}],"collection":[{"href":"https:\/\/www.iprade.com.br\/portal\/wp-json\/wp\/v2\/posts"}],"about":[{"href":"https:\/\/www.iprade.com.br\/portal\/wp-json\/wp\/v2\/types\/post"}],"author":[{"embeddable":true,"href":"https:\/\/www.iprade.com.br\/portal\/wp-json\/wp\/v2\/users\/2"}],"replies":[{"embeddable":true,"href":"https:\/\/www.iprade.com.br\/portal\/wp-json\/wp\/v2\/comments?post=3655"}],"version-history":[{"count":1,"href":"https:\/\/www.iprade.com.br\/portal\/wp-json\/wp\/v2\/posts\/3655\/revisions"}],"predecessor-version":[{"id":3656,"href":"https:\/\/www.iprade.com.br\/portal\/wp-json\/wp\/v2\/posts\/3655\/revisions\/3656"}],"wp:featuredmedia":[{"embeddable":true,"href":"https:\/\/www.iprade.com.br\/portal\/wp-json\/wp\/v2\/media\/2596"}],"wp:attachment":[{"href":"https:\/\/www.iprade.com.br\/portal\/wp-json\/wp\/v2\/media?parent=3655"}],"wp:term":[{"taxonomy":"category","embeddable":true,"href":"https:\/\/www.iprade.com.br\/portal\/wp-json\/wp\/v2\/categories?post=3655"},{"taxonomy":"post_tag","embeddable":true,"href":"https:\/\/www.iprade.com.br\/portal\/wp-json\/wp\/v2\/tags?post=3655"}],"curies":[{"name":"wp","href":"https:\/\/api.w.org\/{rel}","templated":true}]}}