{"id":3681,"date":"2022-03-25T14:35:23","date_gmt":"2022-03-25T17:35:23","guid":{"rendered":"https:\/\/www.iprade.com.br\/portal\/?p=3681"},"modified":"2022-03-25T14:35:23","modified_gmt":"2022-03-25T17:35:23","slug":"confira-os-assuntos-em-alta-nesta-semana-eleitoral-3","status":"publish","type":"post","link":"https:\/\/www.iprade.com.br\/portal\/confira-os-assuntos-em-alta-nesta-semana-eleitoral-3\/","title":{"rendered":"Confira os assuntos em alta nesta Semana Eleitoral"},"content":{"rendered":"<h3>Facebook tem 2,8 milh\u00f5es de posts &#8216;marcados&#8217; em parceria com o TSE contra a desinforma\u00e7\u00e3o<\/h3>\n<p>Marca\u00e7\u00e3o \u00e9 um aviso que direciona os usu\u00e1rios \u00e0 p\u00e1gina da Justi\u00e7a Eleitoral quando um post cont\u00e9m desinforma\u00e7\u00e3o ou palavras-chave como &#8216;elei\u00e7\u00f5es&#8217;. Parceria do TSE com a rede aumentou em 10 vezes acesso ao site do tribunal.<\/p>\n<p><a href=\"https:\/\/g1.globo.com\/politica\/noticia\/2022\/03\/21\/facebook-tem-28-milhoes-conteudos-marcados-pelo-tse-contra-desinformacao.ghtml\"><em>Fonte: G1<\/em><\/a><\/p>\n<h3>Ministro substituto do TSE renuncia e C\u00e1rmen L\u00facia assume an\u00e1lise sobre propaganda eleitoral<\/h3>\n<p>O presidente do Tribunal Superior Eleitoral (TSE), ministro Edson Fachin, designou a ministra C\u00e1rmen L\u00facia para substituir Carlos M\u00e1rio Velloso Filho na fun\u00e7\u00e3o de juiz da propaganda nas elei\u00e7\u00f5es de 2022.<\/p>\n<p><a href=\"https:\/\/www.gazetadopovo.com.br\/eleicoes\/breves\/tse-ministro-renuncia-carmen-lucia-assume-analise-propaganda-eleitoral\/\"><em>Fonte: Gazeta do Povo<\/em><\/a><\/p>\n<h3>Eleitorado de Agudos do Sul deve comparecer \u00e0s urnas no dia 03 de abril<\/h3>\n<p>Elei\u00e7\u00f5es suplementares foram convocadas pelo TRE-PR porque a eleita em 2020 teve o registro de candidatura negado pela Justi\u00e7a Eleitoral<\/p>\n<p><a href=\"https:\/\/www.tre-pr.jus.br\/imprensa\/noticias-tre-pr\/2022\/Marco\/eleitorado-de-agudos-do-sul-deve-comparecer-as-urnas-no-dia-03-de-abril\"><em>Fonte: TRE-PR<\/em><\/a><\/p>\n<h3>TSE analisa consulta do governo sobre redu\u00e7\u00e3o do pre\u00e7o do combust\u00edvel em ano eleitoral<\/h3>\n<p>Expectativa \u00e9 que Corte n\u00e3o conhe\u00e7a da a\u00e7\u00e3o, isto \u00e9, sequer julgue o m\u00e9rito da quest\u00e3o<\/p>\n<p><a href=\"https:\/\/www.jota.info\/eleicoes\/tse-analisa-consulta-do-governo-sobre-reducao-do-preco-do-combustivel-em-ano-eleitoral-22032022\"><em>Fonte: Jota<\/em><\/a><\/p>\n<h3>YouTube decide remover v\u00eddeos com alega\u00e7\u00f5es falsas de fraude na elei\u00e7\u00e3o de 2018<\/h3>\n<p>Pol\u00edtica \u00e9 retroativa; postagens protagonizadas pelo presidente Jair Bolsonaro e aliados s\u00e3o pass\u00edveis de remo\u00e7\u00e3o<\/p>\n<p><a href=\"https:\/\/www1.folha.uol.com.br\/amp\/poder\/2022\/03\/youtube-decide-remover-videos-com-alegacoes-falsas-de-fraude-na-eleicao-de-2018.shtml\"><em>Fonte: Folha de S.Paulo<\/em><\/a><\/p>\n<h3>Pesquisa aponta atributos mais importantes para o voto do brasileiro<\/h3>\n<p>De acordo com o mesmo levantamento, registrado no TSE e feito pela FSB Pesquisa, o YouTube \u00e9 a plataforma que o brasileiro prefere para se informar sobre as elei\u00e7\u00f5es presidenciais<\/p>\n<p><a href=\"https:\/\/www.boletimdaliberdade.com.br\/2022\/03\/21\/pesquisa-aponta-atributos-mais-importantes-para-o-voto-do-brasileiro\/\">Fonte: Boletim da liberdade<\/a><\/p>\n<h3>Anistia a partidos que descumpriram cota para mulher e negro avan\u00e7a na C\u00e2mara<\/h3>\n<p>Pelo texto, ficam livres de puni\u00e7\u00e3o partidos que n\u00e3o aplicaram ao menos 5% do fundo partid\u00e1rio em programas de incentivo \u00e0s mulheres<\/p>\n<p><a href=\"https:\/\/www1.folha.uol.com.br\/poder\/2022\/03\/anistia-a-partidos-que-descumpriram-cota-para-mulher-e-negro-avanca-na-camara.shtml\"><em>Fonte: Folha de S. Paulo<\/em><\/a><\/p>\n<h3>TSE decide n\u00e3o julgar consulta do governo sobre redu\u00e7\u00e3o de impostos em ano eleitoral<\/h3>\n<p>Ministros foram categ\u00f3ricos ao dizer que n\u00e3o dar\u00e3o salvo-conduto gen\u00e9rico a candidato<\/p>\n<p><a href=\"https:\/\/www.jota.info\/eleicoes\/tse-nao-julga-consulta-governo-reducao-de-impostos-22032022\"><em>Fonte: Jota<\/em><\/a><\/p>\n","protected":false},"excerpt":{"rendered":"<p>Facebook tem 2,8 milh\u00f5es de posts &#8216;marcados&#8217; em parceria com o TSE contra a desinforma\u00e7\u00e3o Marca\u00e7\u00e3o \u00e9 um aviso que direciona os usu\u00e1rios \u00e0 p\u00e1gina da Justi\u00e7a Eleitoral quando um post cont\u00e9m desinforma\u00e7\u00e3o ou palavras-chave como &#8216;elei\u00e7\u00f5es&#8217;. Parceria do TSE com a rede aumentou em 10 vezes acesso ao site do tribunal. Fonte: G1 Ministro [&hellip;]<\/p>\n","protected":false},"author":2,"featured_media":3668,"comment_status":"open","ping_status":"open","sticky":false,"template":"","format":"standard","meta":{"_et_pb_use_builder":"","_et_pb_old_content":"","_et_gb_content_width":""},"categories":[2],"tags":[],"_links":{"self":[{"href":"https:\/\/www.iprade.com.br\/portal\/wp-json\/wp\/v2\/posts\/3681"}],"collection":[{"href":"https:\/\/www.iprade.com.br\/portal\/wp-json\/wp\/v2\/posts"}],"about":[{"href":"https:\/\/www.iprade.com.br\/portal\/wp-json\/wp\/v2\/types\/post"}],"author":[{"embeddable":true,"href":"https:\/\/www.iprade.com.br\/portal\/wp-json\/wp\/v2\/users\/2"}],"replies":[{"embeddable":true,"href":"https:\/\/www.iprade.com.br\/portal\/wp-json\/wp\/v2\/comments?post=3681"}],"version-history":[{"count":1,"href":"https:\/\/www.iprade.com.br\/portal\/wp-json\/wp\/v2\/posts\/3681\/revisions"}],"predecessor-version":[{"id":3682,"href":"https:\/\/www.iprade.com.br\/portal\/wp-json\/wp\/v2\/posts\/3681\/revisions\/3682"}],"wp:featuredmedia":[{"embeddable":true,"href":"https:\/\/www.iprade.com.br\/portal\/wp-json\/wp\/v2\/media\/3668"}],"wp:attachment":[{"href":"https:\/\/www.iprade.com.br\/portal\/wp-json\/wp\/v2\/media?parent=3681"}],"wp:term":[{"taxonomy":"category","embeddable":true,"href":"https:\/\/www.iprade.com.br\/portal\/wp-json\/wp\/v2\/categories?post=3681"},{"taxonomy":"post_tag","embeddable":true,"href":"https:\/\/www.iprade.com.br\/portal\/wp-json\/wp\/v2\/tags?post=3681"}],"curies":[{"name":"wp","href":"https:\/\/api.w.org\/{rel}","templated":true}]}}