{"id":4625,"date":"2026-01-23T11:34:17","date_gmt":"2026-01-23T13:34:17","guid":{"rendered":"https:\/\/www.iprade.com.br\/portal\/?p=4625"},"modified":"2026-01-23T11:34:17","modified_gmt":"2026-01-23T13:34:17","slug":"fundo-eleitoral-aprofunda-a-polarizacao-em-2026-avalia-presidente-do-iprade","status":"publish","type":"post","link":"https:\/\/www.iprade.com.br\/portal\/fundo-eleitoral-aprofunda-a-polarizacao-em-2026-avalia-presidente-do-iprade\/","title":{"rendered":"Fundo eleitoral aprofunda a polariza\u00e7\u00e3o em 2026, avalia presidente do Iprade"},"content":{"rendered":"<p>Em entrevista divulgada na tarde desta segunda-feira (19\/1) na R\u00e1dio Jovem Pan News, o presidente do Instituto Paranaense de Direito Eleitoral (Iprade), Paulo Golambiuk, analisou como o desenho de distribui\u00e7\u00e3o do Fundo Eleitoral deve influenciar o cen\u00e1rio pol\u00edtico para as elei\u00e7\u00f5es de 2026, aprofundando a polariza\u00e7\u00e3o.<\/p>\n<p>Em sua an\u00e1lise, o volume previsto para o fundo \u2014 cerca de R$ 6 bilh\u00f5es, acima do registrado em 2022 (R$ 4,9 bilh\u00f5es) \u2014 tende a refor\u00e7ar um efeito de concentra\u00e7\u00e3o pol\u00edtica, uma vez que o controle sobre a destina\u00e7\u00e3o dos recursos permanece, em grande parte, nas m\u00e3os das c\u00fapulas partid\u00e1rias.<\/p>\n<p>Nesse contexto, a distribui\u00e7\u00e3o do fundo funciona como instrumento de fortalecimento de candidaturas estrat\u00e9gicas e pode se transformar em moeda de troca no desenho de coliga\u00e7\u00f5es e alian\u00e7as, influenciando a competitividade eleitoral e a din\u00e2mica partid\u00e1ria.<\/p>\n<p>O ponto central da avalia\u00e7\u00e3o \u00e9 que esse modelo de financiamento n\u00e3o cria, por si s\u00f3, a polariza\u00e7\u00e3o \u2014 mas a intensifica, pois favorece partidos e grupos que j\u00e1 possuem maior estrutura e representa\u00e7\u00e3o parlamentar. Ao premiar quem tem bancadas robustas, o sistema amplia a capacidade de mobiliza\u00e7\u00e3o e sustenta\u00e7\u00e3o eleitoral dos principais polos.<\/p>\n<p>Com isso, o advogado eleitoralista destaca que praticamente metade do valor total tende a ficar concentrada em torno das for\u00e7as pol\u00edticas associadas aos dois grandes blocos hoje predominantes, capitaneados pelo presidente Lula e pelo ex-presidente Jair Bolsonaro, o que reduz ainda mais o espa\u00e7o para alternativas e dificulta a viabilidade de uma \u201cterceira via\u201d competitiva em 2026.<\/p>\n<p><iframe loading=\"lazy\" title=\"YouTube video player\" src=\"https:\/\/www.youtube.com\/embed\/4z_3SJazA_w?si=-QC2XsDrTALJ83Hq&amp;start=893\" width=\"560\" height=\"315\" frameborder=\"0\" allowfullscreen=\"allowfullscreen\"><\/iframe><\/p>\n","protected":false},"excerpt":{"rendered":"<p>Em entrevista divulgada na tarde desta segunda-feira (19\/1) na R\u00e1dio Jovem Pan News, o presidente do Instituto Paranaense de Direito Eleitoral (Iprade), Paulo Golambiuk, analisou como o desenho de distribui\u00e7\u00e3o do Fundo Eleitoral deve influenciar o cen\u00e1rio pol\u00edtico para as elei\u00e7\u00f5es de 2026, aprofundando a polariza\u00e7\u00e3o. Em sua an\u00e1lise, o volume previsto para o fundo [&hellip;]<\/p>\n","protected":false},"author":2,"featured_media":0,"comment_status":"closed","ping_status":"closed","sticky":false,"template":"","format":"standard","meta":{"_et_pb_use_builder":"","_et_pb_old_content":"","_et_gb_content_width":""},"categories":[2],"tags":[],"_links":{"self":[{"href":"https:\/\/www.iprade.com.br\/portal\/wp-json\/wp\/v2\/posts\/4625"}],"collection":[{"href":"https:\/\/www.iprade.com.br\/portal\/wp-json\/wp\/v2\/posts"}],"about":[{"href":"https:\/\/www.iprade.com.br\/portal\/wp-json\/wp\/v2\/types\/post"}],"author":[{"embeddable":true,"href":"https:\/\/www.iprade.com.br\/portal\/wp-json\/wp\/v2\/users\/2"}],"replies":[{"embeddable":true,"href":"https:\/\/www.iprade.com.br\/portal\/wp-json\/wp\/v2\/comments?post=4625"}],"version-history":[{"count":1,"href":"https:\/\/www.iprade.com.br\/portal\/wp-json\/wp\/v2\/posts\/4625\/revisions"}],"predecessor-version":[{"id":4626,"href":"https:\/\/www.iprade.com.br\/portal\/wp-json\/wp\/v2\/posts\/4625\/revisions\/4626"}],"wp:attachment":[{"href":"https:\/\/www.iprade.com.br\/portal\/wp-json\/wp\/v2\/media?parent=4625"}],"wp:term":[{"taxonomy":"category","embeddable":true,"href":"https:\/\/www.iprade.com.br\/portal\/wp-json\/wp\/v2\/categories?post=4625"},{"taxonomy":"post_tag","embeddable":true,"href":"https:\/\/www.iprade.com.br\/portal\/wp-json\/wp\/v2\/tags?post=4625"}],"curies":[{"name":"wp","href":"https:\/\/api.w.org\/{rel}","templated":true}]}}