{"id":4652,"date":"2026-03-16T17:29:41","date_gmt":"2026-03-16T20:29:41","guid":{"rendered":"https:\/\/www.iprade.com.br\/portal\/?p=4652"},"modified":"2026-04-04T14:42:13","modified_gmt":"2026-04-04T17:42:13","slug":"diretora-do-iprade-comenta-participacao-feminina-na-politica-em-entrevista-a-banda-b","status":"publish","type":"post","link":"https:\/\/www.iprade.com.br\/portal\/diretora-do-iprade-comenta-participacao-feminina-na-politica-em-entrevista-a-banda-b\/","title":{"rendered":"Diretora do IPRADE comenta participa\u00e7\u00e3o feminina na pol\u00edtica em entrevista \u00e0 Banda B"},"content":{"rendered":"<p>A advogada Nahomi Helena de Santana, diretora do Instituto Paranaense de Direito Eleitoral (IPRADE), participou de reportagem da R\u00e1dio Banda B sobre a participa\u00e7\u00e3o das mulheres na pol\u00edtica brasileira, tema abordado em alus\u00e3o ao Dia Internacional da Mulher, celebrado em 8 de mar\u00e7o.<\/p>\n<p>Ao longo da mat\u00e9ria, a advogada analisou os desafios ainda enfrentados para ampliar a presen\u00e7a feminina em cargos eletivos. Segundo Nahomi, embora o Brasil j\u00e1 possua um conjunto de normas voltadas ao incentivo da participa\u00e7\u00e3o pol\u00edtica de mulheres, o principal obst\u00e1culo est\u00e1 na efetiva aplica\u00e7\u00e3o dessas medidas e na mudan\u00e7a cultural dentro das estruturas partid\u00e1rias. \u201cPosso dizer que o problema n\u00e3o \u00e9 falta de lei. O problema \u00e9 cumprir essas previs\u00f5es e a mudan\u00e7a cultural que elas exigem\u201d, afirmou.<\/p>\n<p>A advogada tamb\u00e9m destacou que a legisla\u00e7\u00e3o eleitoral prev\u00ea mecanismos de est\u00edmulo, como a destina\u00e7\u00e3o de recursos e incentivos financeiros para partidos que investem em candidaturas femininas e de pessoas negras, al\u00e9m da exig\u00eancia de percentual m\u00ednimo de candidaturas por g\u00eanero nas chapas proporcionais.<\/p>\n<p>Outro ponto abordado foi a viol\u00eancia pol\u00edtica de g\u00eanero, fen\u00f4meno que, segundo a advogada, ainda afasta muitas mulheres da atua\u00e7\u00e3o pol\u00edtica. \u201cA pol\u00edtica \u00e9 um ambiente in\u00f3spito para as mulheres. A categoria viol\u00eancia pol\u00edtica de g\u00eanero reconhece a gravidade dos ataques que s\u00e3o dirigidos \u00e0s mulheres justamente por ocuparem esses espa\u00e7os\u201d, observou.<\/p>\n<p><a href=\"https:\/\/www.iprade.com.br\/portal\/wp-content\/uploads\/2026\/03\/Entrevista-Nahomi.mp3\">Ou\u00e7a aqui a entrevista completa.<\/a><\/p>\n","protected":false},"excerpt":{"rendered":"<p>A advogada Nahomi Helena de Santana, diretora do Instituto Paranaense de Direito Eleitoral (IPRADE), participou de reportagem da R\u00e1dio Banda B sobre a participa\u00e7\u00e3o das mulheres na pol\u00edtica brasileira, tema abordado em alus\u00e3o ao Dia Internacional da Mulher, celebrado em 8 de mar\u00e7o. Ao longo da mat\u00e9ria, a advogada analisou os desafios ainda enfrentados para [&hellip;]<\/p>\n","protected":false},"author":2,"featured_media":1364,"comment_status":"closed","ping_status":"closed","sticky":false,"template":"","format":"standard","meta":{"_et_pb_use_builder":"","_et_pb_old_content":"","_et_gb_content_width":""},"categories":[2],"tags":[],"_links":{"self":[{"href":"https:\/\/www.iprade.com.br\/portal\/wp-json\/wp\/v2\/posts\/4652"}],"collection":[{"href":"https:\/\/www.iprade.com.br\/portal\/wp-json\/wp\/v2\/posts"}],"about":[{"href":"https:\/\/www.iprade.com.br\/portal\/wp-json\/wp\/v2\/types\/post"}],"author":[{"embeddable":true,"href":"https:\/\/www.iprade.com.br\/portal\/wp-json\/wp\/v2\/users\/2"}],"replies":[{"embeddable":true,"href":"https:\/\/www.iprade.com.br\/portal\/wp-json\/wp\/v2\/comments?post=4652"}],"version-history":[{"count":1,"href":"https:\/\/www.iprade.com.br\/portal\/wp-json\/wp\/v2\/posts\/4652\/revisions"}],"predecessor-version":[{"id":4653,"href":"https:\/\/www.iprade.com.br\/portal\/wp-json\/wp\/v2\/posts\/4652\/revisions\/4653"}],"wp:featuredmedia":[{"embeddable":true,"href":"https:\/\/www.iprade.com.br\/portal\/wp-json\/wp\/v2\/media\/1364"}],"wp:attachment":[{"href":"https:\/\/www.iprade.com.br\/portal\/wp-json\/wp\/v2\/media?parent=4652"}],"wp:term":[{"taxonomy":"category","embeddable":true,"href":"https:\/\/www.iprade.com.br\/portal\/wp-json\/wp\/v2\/categories?post=4652"},{"taxonomy":"post_tag","embeddable":true,"href":"https:\/\/www.iprade.com.br\/portal\/wp-json\/wp\/v2\/tags?post=4652"}],"curies":[{"name":"wp","href":"https:\/\/api.w.org\/{rel}","templated":true}]}}