{"id":568,"date":"2018-01-23T14:23:07","date_gmt":"2018-01-23T16:23:07","guid":{"rendered":"https:\/\/www.iprade.com.br\/portal\/?p=568"},"modified":"2018-01-23T17:40:18","modified_gmt":"2018-01-23T19:40:18","slug":"iprade-recebe-convite-para-posse-da-nova-presidencia-do-tre-pr","status":"publish","type":"post","link":"https:\/\/www.iprade.com.br\/portal\/iprade-recebe-convite-para-posse-da-nova-presidencia-do-tre-pr\/","title":{"rendered":"IPRADE recebe convite para posse da nova presid\u00eancia do TRE-PR"},"content":{"rendered":"<p><em>O evento de posse dos\u00a0desembargadores Luiz Taro Oyama e Gilberto Ferreira como presidente e vice da institu\u00e7\u00e3o ocorrer\u00e1 no dia 01\/02, \u00e0s, 17h30, na sede do TRE-PR<\/em><\/p>\n<p>Os desembargadores Luiz Taro Oyama e Gilberto Ferreira estiveram na manh\u00e3 desta ter\u00e7a-feira (23) com o presidente do Instituto Paranaense de Direito Eleitoral &#8211; IPRADE, Mois\u00e9s Pessuti, para convidar os membros da institui\u00e7\u00e3o para sua cerim\u00f4nia de posse como presidente e vice-presidente\/corregedor do Tribunal Regional Eleitoral do Paran\u00e1 (TRE-PR).<\/p>\n<p>O evento ocorrer\u00e1 no dia 01\/02, \u00e0s, 17h30, na sede do TRE-PR. Oyama j\u00e1 ocupava o cargo de vice-presidente e corregedor no tribunal e, agora, substitui o desembargador Adalberto Jorge Xisto Pereira na presid\u00eancia da institui\u00e7\u00e3o.<\/p>\n<p>&#8220;Ser\u00e1 uma honra para todos n\u00f3s comparecer \u00e0 cerim\u00f4nia, prestigiando ambos os desembargadores, e tambem o atual presidente, que tanto fizeram pelo Direito Eleitoral no Paran\u00e1&#8221;, afirmou Pessuti.<\/p>\n<p>Oyama ingressou na magistratura em 1986, atuando desde ent\u00e3o em diversas comarcas do interior do Paran\u00e1. Foi promovido ao cargo de desembargador do Tribunal de Justi\u00e7a do Paran\u00e1 em 2008.<\/p>\n","protected":false},"excerpt":{"rendered":"<p>O evento de posse dos\u00a0desembargadores Luiz Taro Oyama e Gilberto Ferreira como presidente e vice da institu\u00e7\u00e3o ocorrer\u00e1 no dia 01\/02, \u00e0s, 17h30, na sede do TRE-PR Os desembargadores Luiz Taro Oyama e Gilberto Ferreira estiveram na manh\u00e3 desta ter\u00e7a-feira (23) com o presidente do Instituto Paranaense de Direito Eleitoral &#8211; IPRADE, Mois\u00e9s Pessuti, para [&hellip;]<\/p>\n","protected":false},"author":2,"featured_media":572,"comment_status":"open","ping_status":"open","sticky":false,"template":"","format":"standard","meta":{"_et_pb_use_builder":"","_et_pb_old_content":"","_et_gb_content_width":""},"categories":[2],"tags":[6,27,28,26],"_links":{"self":[{"href":"https:\/\/www.iprade.com.br\/portal\/wp-json\/wp\/v2\/posts\/568"}],"collection":[{"href":"https:\/\/www.iprade.com.br\/portal\/wp-json\/wp\/v2\/posts"}],"about":[{"href":"https:\/\/www.iprade.com.br\/portal\/wp-json\/wp\/v2\/types\/post"}],"author":[{"embeddable":true,"href":"https:\/\/www.iprade.com.br\/portal\/wp-json\/wp\/v2\/users\/2"}],"replies":[{"embeddable":true,"href":"https:\/\/www.iprade.com.br\/portal\/wp-json\/wp\/v2\/comments?post=568"}],"version-history":[{"count":2,"href":"https:\/\/www.iprade.com.br\/portal\/wp-json\/wp\/v2\/posts\/568\/revisions"}],"predecessor-version":[{"id":571,"href":"https:\/\/www.iprade.com.br\/portal\/wp-json\/wp\/v2\/posts\/568\/revisions\/571"}],"wp:featuredmedia":[{"embeddable":true,"href":"https:\/\/www.iprade.com.br\/portal\/wp-json\/wp\/v2\/media\/572"}],"wp:attachment":[{"href":"https:\/\/www.iprade.com.br\/portal\/wp-json\/wp\/v2\/media?parent=568"}],"wp:term":[{"taxonomy":"category","embeddable":true,"href":"https:\/\/www.iprade.com.br\/portal\/wp-json\/wp\/v2\/categories?post=568"},{"taxonomy":"post_tag","embeddable":true,"href":"https:\/\/www.iprade.com.br\/portal\/wp-json\/wp\/v2\/tags?post=568"}],"curies":[{"name":"wp","href":"https:\/\/api.w.org\/{rel}","templated":true}]}}