{"id":587,"date":"2018-02-02T19:06:57","date_gmt":"2018-02-02T21:06:57","guid":{"rendered":"https:\/\/www.iprade.com.br\/portal\/?p=587"},"modified":"2018-02-02T19:06:57","modified_gmt":"2018-02-02T21:06:57","slug":"iprade-participa-de-cerimonia-de-posse-da-nova-cupula-do-tre-pr","status":"publish","type":"post","link":"https:\/\/www.iprade.com.br\/portal\/iprade-participa-de-cerimonia-de-posse-da-nova-cupula-do-tre-pr\/","title":{"rendered":"IPRADE participa de cerim\u00f4nia de posse da nova c\u00fapula do TRE-PR"},"content":{"rendered":"<p><em>Des. Luiz Taro Oyama e Des. Gilberto Ferreira tomaram posse como presidente e vice do Tribunal para conduzir o processo eleitoral de 2018<\/em><\/p>\n<p>Pela primeira vez na hist\u00f3ria do Instituto Paranaense de Direito Eleitoral \u2013 IPRADE, um presidente da institui\u00e7\u00e3o participou dos discursos da cerim\u00f4nia de posse da nova c\u00fapula diretiva do Tribunal Regional Eleitoral do Paran\u00e1 (TRE-PR).<\/p>\n<p>Nesta quinta-feira (1\u00ba), Mois\u00e9s Pessuti falou aos presentes na posse do Des. Luiz Taro Oyama, como Presidente e do Des. Gilberto Ferreira, como Vice-Presidente e Corregedor do TRE. Taro Oyama substituiu o Des. Adalberto Jorge Xisto Pereira, que retorna ao Tribunal de Justi\u00e7a ap\u00f3s dois anos de judicatura perante a Justi\u00e7a Eleitoral.<\/p>\n<p>Em seu discurso, Pessuti enalteceu o trabalho do Tribunal, que \u00e9 reconhecido com um dos melhores do pa\u00eds, desejando uma excelente e prof\u00edcua gest\u00e3o \u00e0 nova dire\u00e7\u00e3o. Ele ainda destacou a atua\u00e7\u00e3o da \u00faltima presid\u00eancia, principalmente quanto ao trabalho desenvolvido na reestrutura\u00e7\u00e3o das Zonas Eleitorais do Estado, que resultou no fechamento de apenas 20 Zonas ante \u00e0s 103 previstas pelo TSE.<\/p>\n<p>\u201cO IPRADE s\u00f3 tem a agradecer ao TRE. \u00a0A nossa participa\u00e7\u00e3o de forma efetiva na posse da nova dire\u00e7\u00e3o \u00e9 a demonstra\u00e7\u00e3o de que o Instituto se consolidou como uma entidade reconhecida. Mais do que nunca estaremos \u00e0 disposi\u00e7\u00e3o da Justi\u00e7a Eleitoral, retribuindo o apoio que sempre recebemos\u201d, destacou o presidente.<\/p>\n<p>A nova c\u00fapula diretiva do TRE-PR ser\u00e1 a respons\u00e1vel pela condu\u00e7\u00e3o processo eleitoral de 2018.<\/p>\n<p>Confira o perfil dos novos dirigentes, conforme informa\u00e7\u00f5es do TRE-PR:<\/p>\n<p>DES. LUIZ TARO OYAMA<\/p>\n<p>Filho de Masanobu Oyama e Taeko Ishida Oyama, nasceu em Gua\u00edra (PR). Bacharel em Direito pela Pontif\u00edcia Universidade Cat\u00f3lica do Paran\u00e1, turma de 1982. Ingressou na magistratura ap\u00f3s concurso para juiz substituto, sendo nomeado em dezembro de 1986 para a comarca de Laranjeiras do Sul. Exerceu a mesma fun\u00e7\u00e3o em Castro. Nomeado juiz de direito em dezembro de 1988, judicou nas comarcas de Capit\u00e3o Le\u00f4nidas Marques, Goioer\u00ea, Cascavel e Curitiba. Foi promovido ao cargo de desembargador do Tribunal de Justi\u00e7a do Paran\u00e1 em novembro de 2008. Foi Coordenador do Planejamento Estrat\u00e9gico do Tribunal de Justi\u00e7a no bi\u00eanio 2013\/2014 e \u00e9 Professor licenciado da Escola da Magistratura do Paran\u00e1, onde leciona Pr\u00e1tica Processual Penal. Assumiu em fevereiro de 2017 a Vice-Presid\u00eancia e Corregedoria do Tribunal Regional Eleitoral do Paran\u00e1.<\/p>\n<p>DES. GILBERTO FERREIRA<\/p>\n<p>Ingressou na magistratura atrav\u00e9s de concurso p\u00fablico em 1984, quando atuou como juiz substituto na comarca de Jacarezinho. Foi titular das comarcas de S\u00e3o Jer\u00f4nimo da Serra, Ribeir\u00e3o Claro, Uni\u00e3o da Vit\u00f3ria, Paranagu\u00e1 e Curitiba, at\u00e9 ser promovido a juiz substituto em 2\u00ba grau, atuando na 3\u00aa C\u00e2mara Criminal do Tribunal de Justi\u00e7a do Paran\u00e1 (TJ-PR). Mestre em Direito das Rela\u00e7\u00f5es Sociais (UEL), especialista em Direito Contempor\u00e2neo (IBEJ\/PUC) e em Direito processual (IBEJ\/Positivo). Foi idealizador da Central de Penas Alternativas de Curitiba (a 1\u00aa do Brasil); do projeto Ser Social e do programa de r\u00e1dio Justi\u00e7a para Todos, da Associa\u00e7\u00e3o dos Magistrados do Paran\u00e1 (AMAPAR). Foi professor e diretor-geral da Escola da Magistratura do Paran\u00e1; presidente da AMAPAR; coordenador da Associa\u00e7\u00e3o dos Magistrados Brasileiros (AMB) para a Regi\u00e3o Sul; juiz auxiliar da Corregedoria-Geral da Justi\u00e7a; integrante do &#8220;Projeto Paran\u00e1 Senten\u00e7a em Dia&#8221; e membro efetivo do Tribunal Regional Eleitoral. Membro da Academia de Cultura Jos\u00e9 de Alencar de Curitiba e da Uni\u00e3o Brasileira de Trovadores-Curitiba, \u00e9 autor dos livros &#8220;Aplica\u00e7\u00e3o da Pena&#8221;, &#8220;O Rio Nasce na Montanha e Segue Rumo ao Mar&#8221; e &#8220;Minhas Hist\u00f3rias&#8221;. Tomou posse no cargo de desembargador do Tribunal de Justi\u00e7a do Paran\u00e1 em dezembro de 2013.<\/p>\n","protected":false},"excerpt":{"rendered":"<p>Des. Luiz Taro Oyama e Des. Gilberto Ferreira tomaram posse como presidente e vice do Tribunal para conduzir o processo eleitoral de 2018 Pela primeira vez na hist\u00f3ria do Instituto Paranaense de Direito Eleitoral \u2013 IPRADE, um presidente da institui\u00e7\u00e3o participou dos discursos da cerim\u00f4nia de posse da nova c\u00fapula diretiva do Tribunal Regional Eleitoral [&hellip;]<\/p>\n","protected":false},"author":2,"featured_media":588,"comment_status":"open","ping_status":"open","sticky":false,"template":"","format":"standard","meta":{"_et_pb_use_builder":"","_et_pb_old_content":"","_et_gb_content_width":""},"categories":[2],"tags":[31,30,6,27,26],"_links":{"self":[{"href":"https:\/\/www.iprade.com.br\/portal\/wp-json\/wp\/v2\/posts\/587"}],"collection":[{"href":"https:\/\/www.iprade.com.br\/portal\/wp-json\/wp\/v2\/posts"}],"about":[{"href":"https:\/\/www.iprade.com.br\/portal\/wp-json\/wp\/v2\/types\/post"}],"author":[{"embeddable":true,"href":"https:\/\/www.iprade.com.br\/portal\/wp-json\/wp\/v2\/users\/2"}],"replies":[{"embeddable":true,"href":"https:\/\/www.iprade.com.br\/portal\/wp-json\/wp\/v2\/comments?post=587"}],"version-history":[{"count":1,"href":"https:\/\/www.iprade.com.br\/portal\/wp-json\/wp\/v2\/posts\/587\/revisions"}],"predecessor-version":[{"id":589,"href":"https:\/\/www.iprade.com.br\/portal\/wp-json\/wp\/v2\/posts\/587\/revisions\/589"}],"wp:featuredmedia":[{"embeddable":true,"href":"https:\/\/www.iprade.com.br\/portal\/wp-json\/wp\/v2\/media\/588"}],"wp:attachment":[{"href":"https:\/\/www.iprade.com.br\/portal\/wp-json\/wp\/v2\/media?parent=587"}],"wp:term":[{"taxonomy":"category","embeddable":true,"href":"https:\/\/www.iprade.com.br\/portal\/wp-json\/wp\/v2\/categories?post=587"},{"taxonomy":"post_tag","embeddable":true,"href":"https:\/\/www.iprade.com.br\/portal\/wp-json\/wp\/v2\/tags?post=587"}],"curies":[{"name":"wp","href":"https:\/\/api.w.org\/{rel}","templated":true}]}}