{"id":621,"date":"2018-03-13T17:02:47","date_gmt":"2018-03-13T20:02:47","guid":{"rendered":"https:\/\/www.iprade.com.br\/portal\/?p=621"},"modified":"2018-03-13T17:02:47","modified_gmt":"2018-03-13T20:02:47","slug":"revista-parana-eleitoral-recebe-artigos","status":"publish","type":"post","link":"https:\/\/www.iprade.com.br\/portal\/revista-parana-eleitoral-recebe-artigos\/","title":{"rendered":"Revista Paran\u00e1 Eleitoral recebe artigos"},"content":{"rendered":"<p><em>O prazo para envio encerra-se no dia 30 de mar\u00e7o<\/em><\/p>\n<p>Fonte: <a href=\"http:\/\/www.tre-pr.jus.br\/imprensa\/noticias-tre-pr\/2018\/Marco\/revista-parana-eleitoral-recebe-artigos\">TRE-PR<\/a><\/p>\n<p>A revista Paran\u00e1 Eleitoral est\u00e1 convidando professores, pesquisadores e operadores do Direito a submeter artigos cient\u00edficos na \u00e1rea de Direito Eleitoral e Ci\u00eancia Pol\u00edtica para que sejam publicados no peri\u00f3dico, que \u00e9 editado pela Escola Judici\u00e1ria Eleitoral do Paran\u00e1 (EJE-PR) em parceria com o N\u00facleo de Pesquisa em Sociologia Pol\u00edtica Brasileira e com o N\u00facleo de Investiga\u00e7\u00f5es Constitucionais, ambos vinculados \u00e0 UFPR.<\/p>\n<p>Os artigos, que ser\u00e3o avaliados pelo conselho editorial da revista, dever\u00e3o ser encaminhados at\u00e9 o dia 30 de mar\u00e7o para o endere\u00e7o eletr\u00f4nico\u00a0<a href=\"mailto:paranaeleitoral@tre-pr.jus.br\">paranaeleitoral@tre-pr.jus.br<\/a>.<b><\/b>As normas de publica\u00e7\u00e3o est\u00e3o dispon\u00edveis neste\u00a0<a href=\"http:\/\/www.justicaeleitoral.jus.br\/arquivos\/tre-pr-parana-eleitoral-normas-para-publicacao\">link.<\/a><\/p>\n<p>Mais informa\u00e7\u00f5es podem ser obtidas pelo e-mail\u00a0<a href=\"mailto:paranael@tre-pr.jus.br\">paranael@tre-pr.jus.br<\/a>\u00a0ou diretamente com o servidor e professor Rog\u00e9rio Carlos Born, que \u00e9 editor da revista, no telefone 3330-8540.<\/p>\n","protected":false},"excerpt":{"rendered":"<p>O prazo para envio encerra-se no dia 30 de mar\u00e7o Fonte: TRE-PR A revista Paran\u00e1 Eleitoral est\u00e1 convidando professores, pesquisadores e operadores do Direito a submeter artigos cient\u00edficos na \u00e1rea de Direito Eleitoral e Ci\u00eancia Pol\u00edtica para que sejam publicados no peri\u00f3dico, que \u00e9 editado pela Escola Judici\u00e1ria Eleitoral do Paran\u00e1 (EJE-PR) em parceria com [&hellip;]<\/p>\n","protected":false},"author":2,"featured_media":622,"comment_status":"open","ping_status":"open","sticky":false,"template":"","format":"standard","meta":{"_et_pb_use_builder":"","_et_pb_old_content":"","_et_gb_content_width":""},"categories":[2],"tags":[40,19,41,26],"_links":{"self":[{"href":"https:\/\/www.iprade.com.br\/portal\/wp-json\/wp\/v2\/posts\/621"}],"collection":[{"href":"https:\/\/www.iprade.com.br\/portal\/wp-json\/wp\/v2\/posts"}],"about":[{"href":"https:\/\/www.iprade.com.br\/portal\/wp-json\/wp\/v2\/types\/post"}],"author":[{"embeddable":true,"href":"https:\/\/www.iprade.com.br\/portal\/wp-json\/wp\/v2\/users\/2"}],"replies":[{"embeddable":true,"href":"https:\/\/www.iprade.com.br\/portal\/wp-json\/wp\/v2\/comments?post=621"}],"version-history":[{"count":1,"href":"https:\/\/www.iprade.com.br\/portal\/wp-json\/wp\/v2\/posts\/621\/revisions"}],"predecessor-version":[{"id":623,"href":"https:\/\/www.iprade.com.br\/portal\/wp-json\/wp\/v2\/posts\/621\/revisions\/623"}],"wp:featuredmedia":[{"embeddable":true,"href":"https:\/\/www.iprade.com.br\/portal\/wp-json\/wp\/v2\/media\/622"}],"wp:attachment":[{"href":"https:\/\/www.iprade.com.br\/portal\/wp-json\/wp\/v2\/media?parent=621"}],"wp:term":[{"taxonomy":"category","embeddable":true,"href":"https:\/\/www.iprade.com.br\/portal\/wp-json\/wp\/v2\/categories?post=621"},{"taxonomy":"post_tag","embeddable":true,"href":"https:\/\/www.iprade.com.br\/portal\/wp-json\/wp\/v2\/tags?post=621"}],"curies":[{"name":"wp","href":"https:\/\/api.w.org\/{rel}","templated":true}]}}