{"id":684,"date":"2018-04-24T23:45:59","date_gmt":"2018-04-25T02:45:59","guid":{"rendered":"https:\/\/www.iprade.com.br\/portal\/?p=684"},"modified":"2018-05-07T03:45:06","modified_gmt":"2018-05-07T06:45:06","slug":"lideres-nacionais-se-reunem-para-discutir-o-futuro-do-brasil","status":"publish","type":"post","link":"https:\/\/www.iprade.com.br\/portal\/lideres-nacionais-se-reunem-para-discutir-o-futuro-do-brasil\/","title":{"rendered":"Evento em S\u00e3o Paulo re\u00fane marqueteiro de Bloomberg, Luciano Huck e Dias Toffoli para discutir elei\u00e7\u00f5es"},"content":{"rendered":"<p>No pr\u00f3ximo dia 11 de maio acontece no hotel Pal\u00e1cio Tangar\u00e1, em S\u00e3o Paulo, o <a href=\"http:\/\/encontroln.com.br\/\">I Encontro de Lideran\u00e7as Nacionais<\/a> &#8211; Elei\u00e7\u00f5es 2018: os desafios econ\u00f4micos, pol\u00edticos e jur\u00eddicos do Brasil. Organizado pelo <a href=\"http:\/\/www.boniniguedes.adv.br\">BGA &#8211; Bonini Guedes Advocacia<\/a>\u00a0e com o apoio do IPRADE, o evento contar\u00e1 com as participa\u00e7\u00f5es do apresentador <strong>Luciano Huck<\/strong>, do ministro do <strong>Supremo Tribunal Federal (STF) Dias Toffoli<\/strong>, do ex-ministro da Defesa <strong>Nelson Jobim<\/strong> e do estrategista pol\u00edtico <strong>Arick Wierson<\/strong>, que comandou campanhas e toda a comunica\u00e7\u00e3o da gest\u00e3o do ex-prefeito de Nova York,\u00a0<strong>Michael Bloomberg <\/strong>(servi\u00e7o e programa\u00e7\u00e3o abaixo).<\/p>\n<p>Na pauta est\u00e3o temas como necessidade de renova\u00e7\u00e3o da pol\u00edtica, debate que ter\u00e1 a participa\u00e7\u00e3o de Huck; desafios pol\u00edticos e estruturais do pa\u00eds nas pr\u00f3ximas d\u00e9cadas, assunto a ser abordado pela mesa de que participa Dias Toffoli, o pr\u00f3ximo presidente na sucess\u00e3o do STF; fake news e a import\u00e2ncia da comunica\u00e7\u00e3o digital nas elei\u00e7\u00f5es brasileiras de 2018, com a vis\u00e3o do estrategista de Bloomberg, entre outros.<\/p>\n<p>\u201cA ideia do evento \u00e9 promover um debate de alto n\u00edvel sobre o pa\u00eds, pensar o futuro e propor ideias inovadoras e fact\u00edveis para que a pol\u00edtica possa se renovar e influenciar na constru\u00e7\u00e3o de um Brasil mais pr\u00f3spero nos pr\u00f3ximos anos\u201d, considera o advogado especialista em direito eleitoral, Gustavo Guedes, s\u00f3cio-fundador do\u00a0Bonini\u00a0Guedes\u00a0Advocacia, escrit\u00f3rio que representou o presidente Michel Temer no processo de cassa\u00e7\u00e3o da chapa Dilma\/Temer no Tribunal Superior Eleitoral (TSE).<\/p>\n<p><strong><u>PROGRAMA\u00c7\u00c3O &#8211; I ENCONTRO DE LIDERAN\u00c7AS NACIONAIS <\/u><\/strong><\/p>\n<p>Elei\u00e7\u00f5es 2018: os desafios econ\u00f4micos, pol\u00edticos e jur\u00eddicos do Brasil<\/p>\n<ul>\n<li><strong><u>11 de maio (sexta-feira)<\/u><\/strong><\/li>\n<\/ul>\n<p>&nbsp;<\/p>\n<ul>\n<li><strong>8:00h &#8211; <u>Credenciamento<\/u><\/strong><\/li>\n<\/ul>\n<p>&nbsp;<\/p>\n<ul>\n<li><strong>9:30h \u2013 <u>Primeira Confer\u00eancia<\/u> <\/strong><\/li>\n<\/ul>\n<p><strong>Nelson Jobim<\/strong> (Ex-Presidente STF)<br \/>\nSistema Eleitoral brasileiro e suas implica\u00e7\u00f5es pr\u00e1ticas<\/p>\n<p>Mesa: <strong>Leda Bandeira<\/strong> (Advogada\/Ex-Diretora Geral STF)<\/p>\n<p>&nbsp;<\/p>\n<ul>\n<li><strong>10:30h \u2013 <u>Segunda Confer\u00eancia<\/u><\/strong><\/li>\n<\/ul>\n<p><strong>William Waack<\/strong> (Jornalista)<br \/>\nAn\u00e1lise conjuntural da pol\u00edtica e as perspectivas da elei\u00e7\u00e3o presidencial<\/p>\n<p>Pres. Mesa: <strong>Karina Kufa<\/strong> (Advogada)<\/p>\n<p>&nbsp;<\/p>\n<ul>\n<li><strong>12:00h \u2013 <u>Almo\u00e7o <\/u><\/strong><\/li>\n<\/ul>\n<p>&nbsp;<\/p>\n<ul>\n<li><strong>14:00h \u2013 <u>1\u00ba Debate<\/u>: Di\u00e1logos sobre o Brasil: novidades e desafios das campanhas em 2018<\/strong><\/li>\n<\/ul>\n<p><strong>Arick Wierson<\/strong> (Estrategista Pol\u00edtico\/EUA)<br \/>\nImport\u00e2ncia da comunica\u00e7\u00e3o digital eleitoral<\/p>\n<p><strong> Admar Gonzaga<\/strong> (TSE)<br \/>\nPrincipais preparativos e desafios para o pleito de 2018<\/p>\n<p><strong>Juliano Breda<\/strong> (Advogado)<br \/>\nCompliance e a participa\u00e7\u00e3o de empresas nas elei\u00e7\u00f5es<\/p>\n<p>Moderador: <strong>Luiz Fernando Pereira<\/strong> (Advogado)<br \/>\nCondutora: <strong>Angela Cignachi<\/strong> (Advogada)<\/p>\n<p>&nbsp;<\/p>\n<ul>\n<li><strong>16:00h \u2013 <u>2\u00ba Debate<\/u>: Di\u00e1logos sobre o Brasil: desafios pol\u00edticos e estruturais do pa\u00eds nos pr\u00f3ximos 20 anos<\/strong><\/li>\n<\/ul>\n<p><strong>Murillo de Arag\u00e3o<\/strong> (Cientista Pol\u00edtico\/Arko Advice)<br \/>\nElei\u00e7\u00e3o presidencial e os grandes temas nacionais<\/p>\n<p><strong>Cesar Silvestri Filho<\/strong> (Prefeito de Guarapuava\/PR e Vice-Pres. da Frente Nacional dos Prefeitos)<br \/>\nAs PPP\u00b4s na agenda econ\u00f4mica e pol\u00edtica do pa\u00eds<\/p>\n<p><strong>Paulo C\u00e2mara<\/strong> (Governador de Pernambuco)<br \/>\nA necess\u00e1ria concilia\u00e7\u00e3o entre projetos econ\u00f4micos e sociais<\/p>\n<p>Moderador: <strong> Dias Toffoli<\/strong> (STF)<br \/>\nCondutor: <strong>Mois\u00e9s Pessuti<\/strong> (Advogado)<\/p>\n<p>&nbsp;<\/p>\n<ul>\n<li><strong>18:00h \u2013 Coffee Break<\/strong><\/li>\n<\/ul>\n<p>&nbsp;<\/p>\n<ul>\n<li><strong>18:30h \u2013 <u>3\u00ba Debate<\/u>: Di\u00e1logos sobre o Brasil: necessidade de renova\u00e7\u00e3o e o reflexo econ\u00f4mico da pol\u00edtica<\/strong><\/li>\n<\/ul>\n<p><strong>Eduardo Mufarej<\/strong> (Empres\u00e1rio\/Mov. RenovaBR)<br \/>\nEnfrentamentos necess\u00e1rios aos movimentos de renova\u00e7\u00e3o pol\u00edtica<\/p>\n<p><strong>Luiza Trajano<\/strong> (Empres\u00e1ria\/Magazine Luiza)<br \/>\nPosicionamento das empresas frente \u00e0s incertezas pol\u00edticas<\/p>\n<p><strong>Luciano Huck<\/strong> (Apresentador de TV e Empres\u00e1rio)<br \/>\nAs aspira\u00e7\u00f5es do Brasil por um novo modo de se fazer pol\u00edtica<\/p>\n<p>Moderadora: <strong>M\u00f4nica Bergamo<\/strong> (Jornalista)<br \/>\nCondutor: <strong>Gustavo Bonini Guedes<\/strong> (Advogado)<\/p>\n<p><strong><u><br \/>\nServi\u00e7o:<br \/>\n<\/u><\/strong><strong>Evento<\/strong>: I Encontro de Lideran\u00e7as Nacionais<br \/>\n<strong>Data: <\/strong>Sexta-feira, <strong>\u00a0<\/strong>11 de maio de 2018<br \/>\n<strong>Hor\u00e1rio<\/strong>: 8h30 \u00e0s 19h30<br \/>\n<strong>Local:<\/strong>\u00a0Hotel Pal\u00e1cio Tangar\u00e1. Rua Deputado La\u00e9rcio Corte, 1501 \u2013 Panamby, S\u00e3o Paulo<\/p>\n<p><strong>Mais informa\u00e7\u00f5es:<br \/>\n<\/strong><strong>Assessoria de imprensa \u2013 Caravelas Consultoria<br \/>\n<\/strong>Gabriela Clemente &#8211; <a href=\"mailto:gabrielaclemente@caravelasconsultoria.com\">gabrielaclemente@caravelasconsultoria.com<\/a> &#8211; 11 99541-3452<br \/>\nBia Murano \u2013\u00a0<a href=\"mailto:biamurano@caravelasconsultoria.com\">biamurano@caravelasconsultoria.com<\/a>\u00a0&#8211; 11 9 8309-8302<br \/>\nTiago Pariz \u2013\u00a0<a href=\"mailto:tiagopariz@caravelasconsultoria.com\">tiagopariz@caravelasconsultoria.com<\/a>\u00a0&#8211; 11 9 8685-1041<\/p>\n","protected":false},"excerpt":{"rendered":"<p>No pr\u00f3ximo dia 11 de maio acontece no hotel Pal\u00e1cio Tangar\u00e1, em S\u00e3o Paulo, o I Encontro de Lideran\u00e7as Nacionais &#8211; Elei\u00e7\u00f5es 2018: os desafios econ\u00f4micos, pol\u00edticos e jur\u00eddicos do Brasil. Organizado pelo BGA &#8211; Bonini Guedes Advocacia\u00a0e com o apoio do IPRADE, o evento contar\u00e1 com as participa\u00e7\u00f5es do apresentador Luciano Huck, do ministro [&hellip;]<\/p>\n","protected":false},"author":2,"featured_media":685,"comment_status":"open","ping_status":"open","sticky":false,"template":"","format":"standard","meta":{"_et_pb_use_builder":"","_et_pb_old_content":"","_et_gb_content_width":""},"categories":[2],"tags":[15,59,6,63,64],"_links":{"self":[{"href":"https:\/\/www.iprade.com.br\/portal\/wp-json\/wp\/v2\/posts\/684"}],"collection":[{"href":"https:\/\/www.iprade.com.br\/portal\/wp-json\/wp\/v2\/posts"}],"about":[{"href":"https:\/\/www.iprade.com.br\/portal\/wp-json\/wp\/v2\/types\/post"}],"author":[{"embeddable":true,"href":"https:\/\/www.iprade.com.br\/portal\/wp-json\/wp\/v2\/users\/2"}],"replies":[{"embeddable":true,"href":"https:\/\/www.iprade.com.br\/portal\/wp-json\/wp\/v2\/comments?post=684"}],"version-history":[{"count":3,"href":"https:\/\/www.iprade.com.br\/portal\/wp-json\/wp\/v2\/posts\/684\/revisions"}],"predecessor-version":[{"id":694,"href":"https:\/\/www.iprade.com.br\/portal\/wp-json\/wp\/v2\/posts\/684\/revisions\/694"}],"wp:featuredmedia":[{"embeddable":true,"href":"https:\/\/www.iprade.com.br\/portal\/wp-json\/wp\/v2\/media\/685"}],"wp:attachment":[{"href":"https:\/\/www.iprade.com.br\/portal\/wp-json\/wp\/v2\/media?parent=684"}],"wp:term":[{"taxonomy":"category","embeddable":true,"href":"https:\/\/www.iprade.com.br\/portal\/wp-json\/wp\/v2\/categories?post=684"},{"taxonomy":"post_tag","embeddable":true,"href":"https:\/\/www.iprade.com.br\/portal\/wp-json\/wp\/v2\/tags?post=684"}],"curies":[{"name":"wp","href":"https:\/\/api.w.org\/{rel}","templated":true}]}}